{"id":74652,"date":"2024-11-19T19:39:10","date_gmt":"2024-11-20T01:39:10","guid":{"rendered":"https:\/\/zonaroja.com.mx\/?p=74652"},"modified":"2024-11-19T19:39:12","modified_gmt":"2024-11-20T01:39:12","slug":"levantan-planton-familiares-de-sandra-dominguez-acusan-hostigamiento","status":"publish","type":"post","link":"https:\/\/zonaroja.com.mx\/?p=74652","title":{"rendered":"Levantan \u201cplant\u00f3n\u201d familiares de Sandra Dom\u00ednguez; acusan hostigamiento"},"content":{"rendered":"\n<p>Raymundo Morales\/Zona Roja. Foto: Cortes\u00eda.<\/p>\n\n\n\n<p>Oaxaca de Ju\u00e1rez, Oax., a 19 de noviembre de 2013.- Ante lo que consideraron falta de respuestas y hostigamiento de funcionarios, familiares de Sandra Dom\u00ednguez decidieron retirar hoy el \u201cplant\u00f3n\u201d frente al Palacio de Gobierno de Oaxaca, instalado hace 13 d\u00edas.<\/p>\n\n\n\n<p>En conferencia de prensa, con el acompa\u00f1amiento de la asociaci\u00f3n civil Consorcio Oaxaca, anunciaron que acudir\u00e1n a instancias nacionales e Internacionales para exigir la presentaci\u00f3n con vida de la abogada Mixe, desaparecida el pasado 4 de octubre junto con su pareja Alexander Hern\u00e1ndez.<\/p>\n\n\n\n<p>Reprocharon el \u201clamentable e inhumano el trato&nbsp;y el nivel de interlocuci\u00f3n del Estado ante el dolor de la familia\u201d.<\/p>\n\n\n\n<p>Kisha&nbsp;Dom\u00ednguez, hermana de la abogada&nbsp;ayuuk, afirm\u00f3 que, de ser necesario, acudir\u00e1n a Palacio Nacional pues el gobierno mexicano tambi\u00e9n debe asumir su responsabilidad al respecto, una vez que se agot\u00f3 toda la posibilidad de respuesta en Oaxaca.&nbsp;<\/p>\n\n\n\n<p>\u201cSalom\u00f3n, de todo coraz\u00f3n te deseamos que nunca te pase esto, porque los protocolos para que te busquen o busquen&nbsp;a tu familiar est\u00e1n por los suelos, y esperamos que tampoco te sienten en una mesa de di\u00e1logo para darte el famoso&nbsp;\u201catole con el dedo\u201d&nbsp;mientras te tomen miles de fotos para constatar que te atendieron\u201d, recalcaron.<\/p>\n\n\n\n<p>La madre de Sandra, \u00a0Aracely Mart\u00ednez y sus hermanas, denunciaron que durante los primeros 32 d\u00edas, las mantuvieron en un ir y venir de reuniones sin novedades serias sobre el paradero de Sandra.<\/p>\n\n\n\n<figure class=\"wp-block-embed is-type-rich is-provider-twitter wp-block-embed-twitter\"><div class=\"wp-block-embed__wrapper\">\n<div class=\"twitter-tweet\"><blockquote class=\"twitter-tweet\" data-lang=\"es\"><p lang=\"es\" dir=\"ltr\">En conferencia de prensa desde el z\u00f3calo de la ciudad de Oaxaca, familiares de Sandra Dom\u00ednguez y la asociaci\u00f3n <a href=\"https:\/\/twitter.com\/consorciooaxaca?ref_src=twsrc%5Etfw\">@consorciooaxaca<\/a> reprocharon la tardanza para localizar a la abogada, a 46 d\u00edas de su desaparici\u00f3n; asimismo, denunciaron acoso constante en el \u201cplant\u00f3n que mantienen. <a href=\"https:\/\/t.co\/UunssB4U1h\">pic.twitter.com\/UunssB4U1h<\/a><\/p>&mdash; Zona Roja Oaxaca (@ZonaRoja_Oaxaca) <a href=\"https:\/\/twitter.com\/ZonaRoja_Oaxaca\/status\/1858954857685643544?ref_src=twsrc%5Etfw\">19 de noviembre de 2024<\/a><\/blockquote><\/div>\n<\/div><\/figure>\n\n\n\n<p>\u201cDurante ese tiempo nos citaban de un lugar a otro, repitiendo la misma informaci\u00f3n; evasivas, presentaciones de las mismas diapositivas en una oficina y otra, &nbsp;cinco reuniones con la Fiscal\u00eda,&nbsp;dos con&nbsp;CEAV, dos CEB, donde lo \u00fanico que buscaban era justificar sus salarios\u201d, subray\u00f3&nbsp;Kisha.<\/p>\n\n\n\n<p>Seg\u00fan detallaron, las amenazas y hostigamientos consistieron&nbsp;desde la toma de fotograf\u00edas de quienes participaban en el campamento, hasta la amenaza de denunciar con el SAT, a la Comedora Comunitaria, que asisti\u00f3 en su&nbsp;respaldo, bajo el supuesto de \u201cevasi\u00f3n de impuestos\u201d.&nbsp;<\/p>\n\n\n\n<p>Situaci\u00f3n que se agrav\u00f3 anoche, pues les quitaron un ba\u00f1o que hab\u00eda sido donado por &nbsp;colectivas, para no tener que exponernos en las noches.<\/p>\n\n\n\n<p>Las acciones aseguran, son operadas desde la Coordinaci\u00f3n para la Atenci\u00f3n de los derechos Humanos, Flor Estela Morales.&nbsp;<\/p>\n\n\n\n<p>\u201cTodos los d\u00edas &nbsp;nos iban a &nbsp;tomar fotos y video a quienes llegaban al campamento; diversos funcionarios nos estuvieron obstaculizando &nbsp;afirmando que vend\u00edamos pinturas, nos quitaron la luz para dejarnos a oscuras; los polic\u00edas comentaban que nos iban a pasar el recibo de luz para pagar la luz que gastamos, nos dec\u00edan que vend\u00edamos comida al grado que un tal Gandarillas (\u00c9dgar)&nbsp; vino a hostigar a la Comedora Comunitaria que solo nos trajo de comer, raz\u00f3n por la cual se fue del campamento\u201d, describieron las familiares de Sandra.&nbsp;<\/p>\n\n\n\n<p>&nbsp;Y\u00e9sica&nbsp;S\u00e1nchez Maya, integrante de la direcci\u00f3n colegiada de Consorcio Oaxaca, reconoci\u00f3 la fortaleza de la madre y hermanas de Sandra, quienes permanecieron en el plant\u00f3n durante estos 13 d\u00edas, pese a las inclemencias del tiempo y el hostigamiento por parte&nbsp;de funcionarias y funcionarios que se encargaron de hacerles la vida m\u00e1s dif\u00edcil.<\/p>\n","protected":false},"excerpt":{"rendered":"<p>Raymundo Morales\/Zona Roja. Foto: Cortes\u00eda. Oaxaca de Ju\u00e1rez, Oax., a 19 de noviembre de 2013.-&hellip;<\/p>\n","protected":false},"author":2,"featured_media":74653,"comment_status":"closed","ping_status":"open","sticky":false,"template":"","format":"standard","meta":{"_lmt_disableupdate":"","_lmt_disable":"","_jetpack_memberships_contains_paid_content":false,"footnotes":""},"categories":[109,47],"tags":[4086],"class_list":["post-74652","post","type-post","status-publish","format-standard","has-post-thumbnail","hentry","category-minuto-a-minuto","category-zona-gris","tag-sandra-dominguez"],"jetpack_featured_media_url":"https:\/\/zonaroja.com.mx\/wp-content\/uploads\/2024\/11\/Protesta-marcha-caso-Sandra-Dominguez.jpeg","jetpack_sharing_enabled":true,"_links":{"self":[{"href":"https:\/\/zonaroja.com.mx\/index.php?rest_route=\/wp\/v2\/posts\/74652","targetHints":{"allow":["GET"]}}],"collection":[{"href":"https:\/\/zonaroja.com.mx\/index.php?rest_route=\/wp\/v2\/posts"}],"about":[{"href":"https:\/\/zonaroja.com.mx\/index.php?rest_route=\/wp\/v2\/types\/post"}],"author":[{"embeddable":true,"href":"https:\/\/zonaroja.com.mx\/index.php?rest_route=\/wp\/v2\/users\/2"}],"replies":[{"embeddable":true,"href":"https:\/\/zonaroja.com.mx\/index.php?rest_route=%2Fwp%2Fv2%2Fcomments&post=74652"}],"version-history":[{"count":1,"href":"https:\/\/zonaroja.com.mx\/index.php?rest_route=\/wp\/v2\/posts\/74652\/revisions"}],"predecessor-version":[{"id":74654,"href":"https:\/\/zonaroja.com.mx\/index.php?rest_route=\/wp\/v2\/posts\/74652\/revisions\/74654"}],"wp:featuredmedia":[{"embeddable":true,"href":"https:\/\/zonaroja.com.mx\/index.php?rest_route=\/wp\/v2\/media\/74653"}],"wp:attachment":[{"href":"https:\/\/zonaroja.com.mx\/index.php?rest_route=%2Fwp%2Fv2%2Fmedia&parent=74652"}],"wp:term":[{"taxonomy":"category","embeddable":true,"href":"https:\/\/zonaroja.com.mx\/index.php?rest_route=%2Fwp%2Fv2%2Fcategories&post=74652"},{"taxonomy":"post_tag","embeddable":true,"href":"https:\/\/zonaroja.com.mx\/index.php?rest_route=%2Fwp%2Fv2%2Ftags&post=74652"}],"curies":[{"name":"wp","href":"https:\/\/api.w.org\/{rel}","templated":true}]}}