{"id":74658,"date":"2024-11-19T22:15:43","date_gmt":"2024-11-20T04:15:43","guid":{"rendered":"https:\/\/zonaroja.com.mx\/?p=74658"},"modified":"2024-11-19T22:15:45","modified_gmt":"2024-11-20T04:15:45","slug":"escalan-protestas-en-oaxaca-por-multiples-demandas","status":"publish","type":"post","link":"https:\/\/zonaroja.com.mx\/?p=74658","title":{"rendered":"Escalan protestas en Oaxaca, por m\u00faltiples demandas"},"content":{"rendered":"\n<p>Raymundo Morales\/Zona Roja.<\/p>\n\n\n\n<p>Oaxaca de Ju\u00e1rez, Oax., a 19 de noviembre de 2024.- Al menos media decena de protestas, con bloqueo de vialidades, se registr\u00f3 este martes en la regi\u00f3n Valles Centrales de Oaxaca.<\/p>\n\n\n\n<p>A temprana hora, padres de familia y habitantes de San Lorenzo Cacaotepec, bloquearon de manera intermitente la v\u00eda federal 190, a la altura del crucero a Hacienda Blanca, San Pablo, Etla.<\/p>\n\n\n\n<p>Lo anterior, para exigir la soluci\u00f3n a un conflicto en el Centro de Bachillerato Tecnol\u00f3gico Agropecuario n\u00famero 203; de manera intermitente cerraron la carretera, mientras se llevaba a cabo el di\u00e1logo; hasta el momento el gobierno estatal no ha informado si se atendi\u00f3 la problem\u00e1tica.<\/p>\n\n\n\n<p>En el Palacio de Gobierno y el z\u00f3calo se concentr\u00f3 la mayor\u00eda de las manifestaciones y una de ellas fue por parte del Bloque Revolucionario de Alianzas y Comunidades de Oaxaca, que anunci\u00f3 el inicio de un \u201cplant\u00f3n\u201d indefinido para exigir atenci\u00f3n a diversas demandas sociales.<\/p>\n\n\n\n<p>Mientras que, debido a un presunto saqueo de m\u00e1s de 12 locales en el mercado de artesan\u00edas \u201cJos\u00e9 Perfecto Garc\u00eda\u201d, locatarios cerraron por varias horas la calle J. P. Garc\u00eda del centro de la ciudad de Oaxaca.<\/p>\n\n\n\n<p>Lo anterior para exigir el esclarecimiento del caso, as\u00ed como castigo al probable responsable, el velador, quien fue llevado a declara a la Fiscal\u00eda General del Estado.<\/p>\n\n\n\n<p>Tambi\u00e9n en el Centro Hist\u00f3rico, docentes jubilados afiliados a la Secci\u00f3n 22 del SNTE bloquearon los accesos al Palacio de Gobierno, en el marco de una reuni\u00f3n en la ciudad de M\u00e9xico y para exigir el pago de un bono \u00fanico, prometido a los trabajadores en retiro.<\/p>\n\n\n\n<p>Mientras que activistas y familiares de Sandra Dom\u00ednguez marcharon en el contorno del z\u00f3calo, para exigir la aparici\u00f3n con vida de la joven abogada; posteriormente anunciaron el retiro del \u201cplant\u00f3n\u201d, ante lo que consideraron hostigamiento oficial.<\/p>\n\n\n\n<p>Y en la sede del Congreso del Estado de Oaxaca, ubicada en San Raymundo Jalpan, nun gripo de organizaciones sociales lleg\u00f3 para exigir una reuni\u00f3n con diputados, con la finalidad de exigir la excarcelaci\u00f3n de diversas personas, acusadas de diversos delitos.<\/p>\n","protected":false},"excerpt":{"rendered":"<p>Raymundo Morales\/Zona Roja. Oaxaca de Ju\u00e1rez, Oax., a 19 de noviembre de 2024.- Al menos&hellip;<\/p>\n","protected":false},"author":2,"featured_media":74659,"comment_status":"closed","ping_status":"open","sticky":false,"template":"","format":"standard","meta":{"_lmt_disableupdate":"","_lmt_disable":"","_jetpack_memberships_contains_paid_content":false,"footnotes":""},"categories":[109,51],"tags":[2047],"class_list":["post-74658","post","type-post","status-publish","format-standard","has-post-thumbnail","hentry","category-minuto-a-minuto","category-zona-roja","tag-protestas-sociales-en-oaxaca"],"jetpack_featured_media_url":"https:\/\/zonaroja.com.mx\/wp-content\/uploads\/2024\/11\/Protestas-en-Oaxaca.jpg","jetpack_sharing_enabled":true,"_links":{"self":[{"href":"https:\/\/zonaroja.com.mx\/index.php?rest_route=\/wp\/v2\/posts\/74658","targetHints":{"allow":["GET"]}}],"collection":[{"href":"https:\/\/zonaroja.com.mx\/index.php?rest_route=\/wp\/v2\/posts"}],"about":[{"href":"https:\/\/zonaroja.com.mx\/index.php?rest_route=\/wp\/v2\/types\/post"}],"author":[{"embeddable":true,"href":"https:\/\/zonaroja.com.mx\/index.php?rest_route=\/wp\/v2\/users\/2"}],"replies":[{"embeddable":true,"href":"https:\/\/zonaroja.com.mx\/index.php?rest_route=%2Fwp%2Fv2%2Fcomments&post=74658"}],"version-history":[{"count":1,"href":"https:\/\/zonaroja.com.mx\/index.php?rest_route=\/wp\/v2\/posts\/74658\/revisions"}],"predecessor-version":[{"id":74660,"href":"https:\/\/zonaroja.com.mx\/index.php?rest_route=\/wp\/v2\/posts\/74658\/revisions\/74660"}],"wp:featuredmedia":[{"embeddable":true,"href":"https:\/\/zonaroja.com.mx\/index.php?rest_route=\/wp\/v2\/media\/74659"}],"wp:attachment":[{"href":"https:\/\/zonaroja.com.mx\/index.php?rest_route=%2Fwp%2Fv2%2Fmedia&parent=74658"}],"wp:term":[{"taxonomy":"category","embeddable":true,"href":"https:\/\/zonaroja.com.mx\/index.php?rest_route=%2Fwp%2Fv2%2Fcategories&post=74658"},{"taxonomy":"post_tag","embeddable":true,"href":"https:\/\/zonaroja.com.mx\/index.php?rest_route=%2Fwp%2Fv2%2Ftags&post=74658"}],"curies":[{"name":"wp","href":"https:\/\/api.w.org\/{rel}","templated":true}]}}