{"id":74663,"date":"2024-11-20T07:40:23","date_gmt":"2024-11-20T13:40:23","guid":{"rendered":"https:\/\/zonaroja.com.mx\/?p=74663"},"modified":"2024-11-20T14:41:40","modified_gmt":"2024-11-20T20:41:40","slug":"entre-dinosaurios-bebesaurios-y-aplanadora-legislativa","status":"publish","type":"post","link":"https:\/\/zonaroja.com.mx\/?p=74663","title":{"rendered":"Entre \u201cdinosaurios\u201d, \u201cbebesaurios\u201d y aplanadora legislativa"},"content":{"rendered":"\n<p>Ismael Garc\u00eda M.\/Zona Roja.<\/p>\n\n\n\n<p>San Raymundo Jalpan, Oax., a 20 de noviembre de 2024.- La nueva Legislatura inici\u00f3 \u00e1gil, con dos sesiones para avalar dict\u00e1menes, pero tambi\u00e9n con ausencias\u2026 y con \u201cdinosaurios\u201d y \u201cbebesaurios\u201d y sin oposici\u00f3n.<\/p>\n\n\n\n<p>La espera en la hora de la cita no fue tanta, apenas 25 minutos despu\u00e9s de las once de la ma\u00f1ana del martes, nuevo d\u00eda para sesionar.<\/p>\n\n\n\n<p>Pero previo a ello, barullos, fotos, \u201cselfies\u201d cuchicheos, entrevistas al por mayor; tarjetas de presentaci\u00f3n por aqu\u00ed y por all\u00e1. El m\u00e1s asediado, Benjam\u00edn Viveros, presidente de la Junta de Coordinaci\u00f3n Pol\u00edtica, que respondi\u00f3 de todo y a todos.<\/p>\n\n\n\n<p>Hasta precis\u00f3 sobre el madruguete del pasado viernes 15 de noviembre, pr\u00e1cticamente a puerta cerrada para recibir el segundo informe de gobierno:<\/p>\n\n\n\n<p>\u201cSe hizo por un tema de urgencia, de emergencia, porque el magisterio amenaz\u00f3 con venir a tomar este Congreso; lo tuvimos que realizar un poco m\u00e1s temprano\u201d.<\/p>\n\n\n\n<p>Con 33 asistentes inici\u00f3 la primera sesi\u00f3n de trabajos de la 66 Legislatura; s\u00f3lo Lizett Arroyo Rodr\u00edguez pidi\u00f3 permiso; los dem\u00e1s llegaron tarde y otros se ausentaron, como es el caso del priista Javier Cacique y la petista Irma Pineda.<\/p>\n\n\n\n<p>Sin tropiezos Natividad D\u00edaz Jim\u00e9nez, la panista-neomorenista y comadre de Alejandro Murat ahora presidenta de la Mesa Directiva.&nbsp;<\/p>\n\n\n\n<p>Jorge Abraham Gonz\u00e1lez Ilescas intent\u00f3 hacer su mejor papel como secretario de Servicios Parlamentarios, con la esperanza de ser ratificado, por tercera ocasi\u00f3n, en el cargo, pese a que es herencia priista y recomendaci\u00f3n de su padre.<\/p>\n\n\n\n<p>La primera sorpresa: la designaci\u00f3n de Israel L\u00f3pez S\u00e1nchez como suplente de Sergio, quien pidi\u00f3 licencia para asumir un cargo en el gobierno estatal.<\/p>\n\n\n\n<p>Acuerdos votados sin intervenciones, toma de protesta de la Junta de Coordinaci\u00f3n Pol\u00edtica e intervenci\u00f3n en tribuna de Benjam\u00edn Viveros. En Asuntos Generales, nadie quiso tomar la palabra, ni por el segundo informe ni por inconformidades ni por nada.<\/p>\n\n\n\n<p>No m\u00e1s de una hora despu\u00e9s se termin\u00f3 la asamblea, para dar paso a m\u00e1s sesiones de fotos, con estudiantes incluidos como visitantes.<\/p>\n\n\n\n<p>Los \u201cbebesaurios\u201d, los m\u00e1s felices, entre ellos Daniela Taurino, morenista, y Dulce Bel\u00e9n Uribe, quien hered\u00f3 el Registro Civil a su esposo; Karla Clarisa Bornios, con la bendici\u00f3n desde Palacio; Analy Pera, Biani Palomec, entre otros; los \u201cdinosaurios\u201d, C\u00e9sar Mateos, Concepci\u00f3n Rueda, Nicol\u00e1s Feria, entre otros que repiten en el cargo.<\/p>\n\n\n\n<p>Pero hubo un \u201cdinosaurio\u201d mayor, que trat\u00f3 de pasar desapercibido: Jorge Bustamante Garc\u00eda, diodorista de cepa, quien es recordado por traer arena de la Costa oaxaque\u00f1a para su cancha en su residencia de la ciudad de Oaxaca y ahora es asesor de morenistas.<\/p>\n\n\n\n<p>Y la segunda sesi\u00f3n del d\u00eda, la primera extraordinaria, fue citada a la 13:00 horas pero inici\u00f3 casi dos horas despu\u00e9s. Ahora con 41 asistentes, menos Lizett Arroyo.<\/p>\n\n\n\n<p>Sesi\u00f3n r\u00e1pida, s\u00f3lo para designar las comisiones permanentes, en las que de nuevo se impuso la aplanadora morenista. Fin de la asamblea pero no de las fotos, las \u201cselfies\u201d y las entrevistas.&nbsp;<\/p>\n\n\n\n<p>La pregunta desde las gradas: \u00bfde verdad madrugar\u00e1n el pr\u00f3ximo martes? Y es que a partir de la pr\u00f3xima semana, las sesiones iniciar\u00e1n a las 08:00 horas.<\/p>\n","protected":false},"excerpt":{"rendered":"<p>Ismael Garc\u00eda M.\/Zona Roja. San Raymundo Jalpan, Oax., a 20 de noviembre de 2024.- La&hellip;<\/p>\n","protected":false},"author":2,"featured_media":74665,"comment_status":"closed","ping_status":"open","sticky":false,"template":"","format":"standard","meta":{"_lmt_disableupdate":"","_lmt_disable":"","_jetpack_memberships_contains_paid_content":false,"footnotes":""},"categories":[109,46],"tags":[303],"class_list":["post-74663","post","type-post","status-publish","format-standard","has-post-thumbnail","hentry","category-minuto-a-minuto","category-zona-blanca","tag-congreso-del-estado-de-oaxaca"],"jetpack_featured_media_url":"https:\/\/zonaroja.com.mx\/wp-content\/uploads\/2024\/11\/Sesion-65-Legislatura-Congreso.jpg","jetpack_sharing_enabled":true,"_links":{"self":[{"href":"https:\/\/zonaroja.com.mx\/index.php?rest_route=\/wp\/v2\/posts\/74663","targetHints":{"allow":["GET"]}}],"collection":[{"href":"https:\/\/zonaroja.com.mx\/index.php?rest_route=\/wp\/v2\/posts"}],"about":[{"href":"https:\/\/zonaroja.com.mx\/index.php?rest_route=\/wp\/v2\/types\/post"}],"author":[{"embeddable":true,"href":"https:\/\/zonaroja.com.mx\/index.php?rest_route=\/wp\/v2\/users\/2"}],"replies":[{"embeddable":true,"href":"https:\/\/zonaroja.com.mx\/index.php?rest_route=%2Fwp%2Fv2%2Fcomments&post=74663"}],"version-history":[{"count":2,"href":"https:\/\/zonaroja.com.mx\/index.php?rest_route=\/wp\/v2\/posts\/74663\/revisions"}],"predecessor-version":[{"id":74680,"href":"https:\/\/zonaroja.com.mx\/index.php?rest_route=\/wp\/v2\/posts\/74663\/revisions\/74680"}],"wp:featuredmedia":[{"embeddable":true,"href":"https:\/\/zonaroja.com.mx\/index.php?rest_route=\/wp\/v2\/media\/74665"}],"wp:attachment":[{"href":"https:\/\/zonaroja.com.mx\/index.php?rest_route=%2Fwp%2Fv2%2Fmedia&parent=74663"}],"wp:term":[{"taxonomy":"category","embeddable":true,"href":"https:\/\/zonaroja.com.mx\/index.php?rest_route=%2Fwp%2Fv2%2Fcategories&post=74663"},{"taxonomy":"post_tag","embeddable":true,"href":"https:\/\/zonaroja.com.mx\/index.php?rest_route=%2Fwp%2Fv2%2Ftags&post=74663"}],"curies":[{"name":"wp","href":"https:\/\/api.w.org\/{rel}","templated":true}]}}