{"id":74669,"date":"2024-11-20T10:30:00","date_gmt":"2024-11-20T16:30:00","guid":{"rendered":"https:\/\/zonaroja.com.mx\/?p=74669"},"modified":"2024-11-20T07:52:18","modified_gmt":"2024-11-20T13:52:18","slug":"dictan-17-anos-de-prision-a-violador-de-una-persona-con-discapacidad","status":"publish","type":"post","link":"https:\/\/zonaroja.com.mx\/?p=74669","title":{"rendered":"Dictan 17 a\u00f1os de prisi\u00f3n a violador de una persona con discapacidad"},"content":{"rendered":"\n<p>Redacci\u00f3n\/Zona Roja.&nbsp;<\/p>\n\n\n\n<p>Oaxaca de Ju\u00e1rez, Oax., a 20 de noviembre de 2024.- La Fiscal\u00eda General del Estado de Oaxaca (FGEO) obtuvo fallo condenatorio de 17 a\u00f1os de prisi\u00f3n contra una persona del sexo masculino identificada como Asael R.V., por la comisi\u00f3n del delito de violaci\u00f3n equiparada en agravio de R.M.R. (persona diagnosticada con discapacidad intelectual), cometido en el municipio de Acatl\u00e1n de P\u00e9rez Figueroa.<\/p>\n\n\n\n<p>De acuerdo con lo asentado en el expediente penal, los hechos sucedieron el 15 de abril de 2023, en un domicilio particular ubicado en la localidad Arroyo de Pita, jurisdicci\u00f3n de Acatl\u00e1n de P\u00e9rez Figueroa, sitio en donde la v\u00edctima sufri\u00f3 una agresi\u00f3n sexual.<\/p>\n\n\n\n<p>Cuando la FGEO tom\u00f3 conocimiento del caso, inici\u00f3 las investigaciones correspondientes a trav\u00e9s de las \u00e1reas especializadas pertenecientes a la Vicefiscal\u00eda Regional de la Cuenca, gracias a las cuales se logr\u00f3 ejecutar una orden de aprehensi\u00f3n en contra de Asael R.V., quedando a disposici\u00f3n de la autoridad que conoce la causa.<\/p>\n\n\n\n<p>En audiencia, y tras validar los datos de prueba aportados por la Fiscal\u00eda de Oaxaca, el Juez de la causa dict\u00f3 fallo condenatorio e impuso una pena de 17 a\u00f1os de prisi\u00f3n contra Asael R.V., por su responsabilidad en la comisi\u00f3n del delito de violaci\u00f3n equiparada, adem\u00e1s de que tendr\u00e1 que pagar una cantidad econ\u00f3mica por concepto de reparaci\u00f3n del da\u00f1o.<\/p>\n\n\n\n<p>VINCULADOS A PROCESO<\/p>\n\n\n\n<p>Por otra parte, la Fiscal\u00eda General obtuvo vinculaci\u00f3n a proceso contra tres personas, entre ellas una mujer identificada como E.M.G. y dos personas del sexo masculino identificadas como P.L.O.G.L. y E.R.M., por el delito de Lesiones Culposas en agravio de un menor de edad, tras una agresi\u00f3n de unos perros, hechos cometidos en la regi\u00f3n de la Costa.<\/p>\n\n\n\n<p>De acuerdo con el expediente penal del caso, los hechos ocurrieron el 23 de febrero de 2024, en un domicilio particular ubicado en la localidad de Arroyo Cruz, en el municipio de San Pedro Pochutla, cuando la v\u00edctima fue atacada por unos perros -propiedad de los imputados-, los cuales ocasionaron diversas lesiones en diferentes partes del cuerpo de la v\u00edctima.<\/p>\n\n\n\n<p>Tras estos hechos, la Fiscal\u00eda de Oaxaca inici\u00f3 las investigaciones correspondientes, a trav\u00e9s de la Vicefiscal\u00eda Regional de la Costa, las cuales permitieron la detenci\u00f3n de los due\u00f1os de los animales, quienes fueron presentados ante el Juez que conoce la causa.<\/p>\n\n\n\n<p>Derivado de los datos de prueba aportados por la Fiscal\u00eda General de Oaxaca, el Juez de Control determin\u00f3 vincular a proceso a E.M.G., P.L.O.G.L. y E.R.M., por el delito de lesiones culposas, adem\u00e1s de imponer medidas cautelares, quedando pendiente la audiencia de cumplimiento de acuerdo reparatorio.<\/p>\n","protected":false},"excerpt":{"rendered":"<p>Redacci\u00f3n\/Zona Roja.&nbsp; Oaxaca de Ju\u00e1rez, Oax., a 20 de noviembre de 2024.- La Fiscal\u00eda General&hellip;<\/p>\n","protected":false},"author":2,"featured_media":68180,"comment_status":"closed","ping_status":"open","sticky":false,"template":"","format":"standard","meta":{"_lmt_disableupdate":"","_lmt_disable":"","_jetpack_memberships_contains_paid_content":false,"footnotes":""},"categories":[109,46],"tags":[494],"class_list":["post-74669","post","type-post","status-publish","format-standard","has-post-thumbnail","hentry","category-minuto-a-minuto","category-zona-blanca","tag-fiscalia-general-del-estado-de-oaxaca"],"jetpack_featured_media_url":"https:\/\/zonaroja.com.mx\/wp-content\/uploads\/2024\/05\/Agresion-a-mujer-violencia-.jpg","jetpack_sharing_enabled":true,"_links":{"self":[{"href":"https:\/\/zonaroja.com.mx\/index.php?rest_route=\/wp\/v2\/posts\/74669","targetHints":{"allow":["GET"]}}],"collection":[{"href":"https:\/\/zonaroja.com.mx\/index.php?rest_route=\/wp\/v2\/posts"}],"about":[{"href":"https:\/\/zonaroja.com.mx\/index.php?rest_route=\/wp\/v2\/types\/post"}],"author":[{"embeddable":true,"href":"https:\/\/zonaroja.com.mx\/index.php?rest_route=\/wp\/v2\/users\/2"}],"replies":[{"embeddable":true,"href":"https:\/\/zonaroja.com.mx\/index.php?rest_route=%2Fwp%2Fv2%2Fcomments&post=74669"}],"version-history":[{"count":1,"href":"https:\/\/zonaroja.com.mx\/index.php?rest_route=\/wp\/v2\/posts\/74669\/revisions"}],"predecessor-version":[{"id":74670,"href":"https:\/\/zonaroja.com.mx\/index.php?rest_route=\/wp\/v2\/posts\/74669\/revisions\/74670"}],"wp:featuredmedia":[{"embeddable":true,"href":"https:\/\/zonaroja.com.mx\/index.php?rest_route=\/wp\/v2\/media\/68180"}],"wp:attachment":[{"href":"https:\/\/zonaroja.com.mx\/index.php?rest_route=%2Fwp%2Fv2%2Fmedia&parent=74669"}],"wp:term":[{"taxonomy":"category","embeddable":true,"href":"https:\/\/zonaroja.com.mx\/index.php?rest_route=%2Fwp%2Fv2%2Fcategories&post=74669"},{"taxonomy":"post_tag","embeddable":true,"href":"https:\/\/zonaroja.com.mx\/index.php?rest_route=%2Fwp%2Fv2%2Ftags&post=74669"}],"curies":[{"name":"wp","href":"https:\/\/api.w.org\/{rel}","templated":true}]}}