{"id":74671,"date":"2024-11-20T11:30:00","date_gmt":"2024-11-20T17:30:00","guid":{"rendered":"https:\/\/zonaroja.com.mx\/?p=74671"},"modified":"2024-11-20T08:21:35","modified_gmt":"2024-11-20T14:21:35","slug":"austeridad-y-diputados-de-territorio-distinguiran-a-66-legislatura-bvm","status":"publish","type":"post","link":"https:\/\/zonaroja.com.mx\/?p=74671","title":{"rendered":"Austeridad y diputados de territorio, distinguir\u00e1n a 66 Legislatura: BVM"},"content":{"rendered":"\n<p>Ismael Garc\u00eda M.\/Zona Roja.<\/p>\n\n\n\n<p>San Raymundo Jalpan, Oax., a 20 de noviembre de 2024.- La 66 Legislatura del Congreso de Oaxaca pondr\u00e1 el ejemplo en materia de austeridad y preve reducir hasta en un 30 por ciento sus gastos, afirm\u00f3 el presidente de la Junta de Coordinaci\u00f3n Pol\u00edtica, Benjam\u00edn Viveros Montalvo.<\/p>\n\n\n\n<p>En entrevista colectiva previo a la sesi\u00f3n de ayer, anunci\u00f3 adem\u00e1s que las sesiones ordinarias ser\u00e1n los d\u00edas martes a las 08:00 horas, con la finalidad de aprovechar el tiempo.<\/p>\n\n\n\n<p>\u201cEs momento de empezar los cambios, ahora s\u00ed contamos con un respaldo muy fuerte del pueblo, contamos con una mayor\u00eda casi absoluta, la oposici\u00f3n est\u00e1 casi desaparecida, y no pod\u00e9moslos fallarle al pueblo\u201d, dijo.<\/p>\n\n\n\n<p>Destac\u00f3 asimismo que habr\u00e1 una reducci\u00f3n de la burocracia administrativa en el Poder Legislativo, con la desaparici\u00f3n de una decena de direcciones, que se convertir\u00e1n en jefaturas de departamento, as\u00ed como de m\u00faltiples privilegios.<\/p>\n\n\n\n<p>\u201cHabr\u00e1 piso parejo para todos, no puede haber tolerancia para unos nada m\u00e1s; tenemos una responsabilidad muy grande ante el pueblo de Oaxaca; uno fue el proceso electoral pero ahorita nos encontramos representando al pueblo.<\/p>\n\n\n\n<p>\u201cTenemos muchos diputados que provienen de este Movimiento de Regeneraci\u00f3n Nacional y tenemos que dar la cara, asumir la responsabilidad que hicimos con el pueblo que le dijimos que vamos a cambiar las cosas desde el Poder Legislativo\u201d, dijo.<\/p>\n\n\n\n<p>Adelant\u00f3 igualmente que se prepara un c\u00f3digo de \u00e9tica por el cual se regir\u00e1n las y los legisladores y quienes no lo acaten ser\u00e1n sancionados.<\/p>\n\n\n\n<p>\u201cQue los oaxaque\u00f1os est\u00e9n atentos, vamos a tener diputadas y diputados de territorio, as\u00ed como lo hace el Ejecutivo; por las consultas que haremos sobre algunas reformas, sobre propuestas; vamos a informar, vamos a consultar y queremos que est\u00e9n atentos, porque vamos a regresar a todas las comunidades, a los 25 distritos, a responderle a la ciudadan\u00eda\u201d, remarco.<\/p>\n\n\n\n<p>Viveros Montalvo, coordinador de la bancada de Morena abund\u00f3 que la pr\u00f3xima semana se elegir\u00e1n a los tres \u00f3rganos, como son Servicios Parlamentarios, Servicios Administrativos y el \u00d3rgano de Control Interno.<\/p>\n\n\n\n<p>Expuso asimismo que no prev\u00e9n pedir partidas presupuestales adicionales sino que se sujetar\u00e1n a la que se aprueba de manera anual; ademas, los recursos financieros se manejar\u00e1n con claridad y con mayor austeridad.<\/p>\n","protected":false},"excerpt":{"rendered":"<p>Ismael Garc\u00eda M.\/Zona Roja. San Raymundo Jalpan, Oax., a 20 de noviembre de 2024.- La&hellip;<\/p>\n","protected":false},"author":2,"featured_media":74664,"comment_status":"closed","ping_status":"open","sticky":false,"template":"","format":"standard","meta":{"_lmt_disableupdate":"","_lmt_disable":"","_jetpack_memberships_contains_paid_content":false,"footnotes":""},"categories":[109,46],"tags":[3664],"class_list":["post-74671","post","type-post","status-publish","format-standard","has-post-thumbnail","hentry","category-minuto-a-minuto","category-zona-blanca","tag-benjamin-viveros-montalvo"],"jetpack_featured_media_url":"https:\/\/zonaroja.com.mx\/wp-content\/uploads\/2024\/11\/Benjamin-Viveros.jpg","jetpack_sharing_enabled":true,"_links":{"self":[{"href":"https:\/\/zonaroja.com.mx\/index.php?rest_route=\/wp\/v2\/posts\/74671","targetHints":{"allow":["GET"]}}],"collection":[{"href":"https:\/\/zonaroja.com.mx\/index.php?rest_route=\/wp\/v2\/posts"}],"about":[{"href":"https:\/\/zonaroja.com.mx\/index.php?rest_route=\/wp\/v2\/types\/post"}],"author":[{"embeddable":true,"href":"https:\/\/zonaroja.com.mx\/index.php?rest_route=\/wp\/v2\/users\/2"}],"replies":[{"embeddable":true,"href":"https:\/\/zonaroja.com.mx\/index.php?rest_route=%2Fwp%2Fv2%2Fcomments&post=74671"}],"version-history":[{"count":1,"href":"https:\/\/zonaroja.com.mx\/index.php?rest_route=\/wp\/v2\/posts\/74671\/revisions"}],"predecessor-version":[{"id":74672,"href":"https:\/\/zonaroja.com.mx\/index.php?rest_route=\/wp\/v2\/posts\/74671\/revisions\/74672"}],"wp:featuredmedia":[{"embeddable":true,"href":"https:\/\/zonaroja.com.mx\/index.php?rest_route=\/wp\/v2\/media\/74664"}],"wp:attachment":[{"href":"https:\/\/zonaroja.com.mx\/index.php?rest_route=%2Fwp%2Fv2%2Fmedia&parent=74671"}],"wp:term":[{"taxonomy":"category","embeddable":true,"href":"https:\/\/zonaroja.com.mx\/index.php?rest_route=%2Fwp%2Fv2%2Fcategories&post=74671"},{"taxonomy":"post_tag","embeddable":true,"href":"https:\/\/zonaroja.com.mx\/index.php?rest_route=%2Fwp%2Fv2%2Ftags&post=74671"}],"curies":[{"name":"wp","href":"https:\/\/api.w.org\/{rel}","templated":true}]}}