{"id":74673,"date":"2024-11-20T12:24:00","date_gmt":"2024-11-20T18:24:00","guid":{"rendered":"https:\/\/zonaroja.com.mx\/?p=74673"},"modified":"2024-11-20T08:25:26","modified_gmt":"2024-11-20T14:25:26","slug":"morena-y-el-ine-acuerdan-ajustar-el-presupuesto-para-la-eleccion-judicial","status":"publish","type":"post","link":"https:\/\/zonaroja.com.mx\/?p=74673","title":{"rendered":"Morena y el INE acuerdan ajustar el presupuesto para la elecci\u00f3n judicial"},"content":{"rendered":"\n<p>Redacci\u00f3n\/Zona Roja Cdmx.<\/p>\n\n\n\n<p>Ciudad de M\u00e9xico, a 20 de noviembre de 2024.- Diputados federales acordaron con el Instituto Nacional Electoral (INE) que ser\u00e1 por consenso el ajuste a la baja en el gasto proyectado para la elecci\u00f3n judicial, calculado \u2013de forma preliminar\u2013 por el organismo aut\u00f3nomo en 13,205 millones de pesos.<\/p>\n\n\n\n<p>Las partes acordaron instalar una mesa t\u00e9cnica para que especialistas de la Comisi\u00f3n de Presupuesto de la C\u00e1mara de Diputados se re\u00fanan con los del INE y analicen cada rengl\u00f3n de gasto que fue calculado para el proceso electoral extraordinario y que dio como resultado una solicitud de gastos que para Morena es insostenible.<\/p>\n\n\n\n<p>La consejera presidenta del INE, Guadalupe Taddei Zavala, acudi\u00f3 a la C\u00e1mara de Diputados para reunirse con Ricardo Monreal, quien preside la Junta de Coordinaci\u00f3n Pol\u00edtica de la C\u00e1mara; con el diputado Sergio Guti\u00e9rrez Luna, presidente de la mesa directiva de la C\u00e1mara, y con la presidenta de la Comisi\u00f3n de Presupuesto, Merylin G\u00f3mez Pozos, los tres diputados de Morena.<\/p>\n\n\n\n<p>\u201cSe lo dije (a Taddei) que no se pod\u00eda quedar as\u00ed (el presupuesto). Ella es muy razonable, bastante razonable y lo vamos a revisar todo el tema de los pr\u00f3ximos d\u00edas\u201c, coment\u00f3 Monreal.<\/p>\n\n\n\n<p>\u201cLo vamos a revisar para que de manera consensuada apliquemos ajustes\u201d expuso en entrevista.<\/p>\n\n\n\n<p>Insisti\u00f3 en que esa suma es insostenible: \u201cNo aguanta el presupuesto 2025 para absorberla\u00bb.<\/p>\n\n\n\n<p>Seg\u00fan Monreal, tras la conversaci\u00f3n se tuvo la tranquilidad de que se realizar\u00e1 el proceso electoral: \u201cVamos a lograr llevar a cabo, se va a organizar de manera correcta y va a haber certeza jur\u00eddica, certidumbre social en la elecci\u00f3n\u201d.<\/p>\n\n\n\n<p>Monreal report\u00f3 que a la fecha se han inscrito 2,950 candidatos a cargos judiciales en el Comit\u00e9 de Evaluaci\u00f3n del Poder Legislativo y confi\u00f3 que esta semana haya m\u00e1s.<\/p>\n\n\n\n<p>El encuentro de la consejera presidenta del INE fue por fuera de las reuniones que la Comisi\u00f3n de Presupuesto realizar\u00e1 con ese y otros organismos aut\u00f3nomos, sobre todo los que se propone extinguir como parte de la reforma en materia de \u201csimplificaci\u00f3n org\u00e1nica\u201d.<\/p>\n\n\n\n<p>Estos son el Instituto Nacional de Transparencia, Acceso a la Informaci\u00f3n y Protecci\u00f3n de Datos Personales (INAI), la Comisi\u00f3n Federal de Competencia Econ\u00f3mica (Cofece), el Instituto Federal de Telecomunicaciones (IFT) y el Consejo Nacional de Evaluaci\u00f3n de Pol\u00edticas de Desarrollo Social (CONEVAL).<\/p>\n\n\n\n<p>Adem\u00e1s se busca desaparecer \u00f3rganos reguladores coordinados en materia energ\u00e9tica como la Comisi\u00f3n Reguladora de Energ\u00eda (CRE) y la Comisi\u00f3n Nacional de Hidrocarburos (CNH.<\/p>\n\n\n\n<p>Sostuvo que la intenci\u00f3n es que haya la libre competencia, incluyendo el sector de comunicaciones y el sector de radiodifusi\u00f3n, y \u201cque todo se haga acorde con los compromisos internacionales en materia comercial que M\u00e9xico ha asumido como el T-MEC y otros\u201d.<\/p>\n\n\n\n<p>(Informaci\u00f3n de \u201cExpansi\u00f3n Pol\u00edtica\u201d)<\/p>\n","protected":false},"excerpt":{"rendered":"<p>Redacci\u00f3n\/Zona Roja Cdmx. Ciudad de M\u00e9xico, a 20 de noviembre de 2024.- Diputados federales acordaron&hellip;<\/p>\n","protected":false},"author":2,"featured_media":71598,"comment_status":"closed","ping_status":"open","sticky":false,"template":"","format":"standard","meta":{"_lmt_disableupdate":"","_lmt_disable":"","_jetpack_memberships_contains_paid_content":false,"footnotes":""},"categories":[109,46],"tags":[],"class_list":["post-74673","post","type-post","status-publish","format-standard","has-post-thumbnail","hentry","category-minuto-a-minuto","category-zona-blanca"],"jetpack_featured_media_url":"https:\/\/zonaroja.com.mx\/wp-content\/uploads\/2024\/08\/Paro-poder-judicial-de-la-federacion-1.jpeg","jetpack_sharing_enabled":true,"_links":{"self":[{"href":"https:\/\/zonaroja.com.mx\/index.php?rest_route=\/wp\/v2\/posts\/74673","targetHints":{"allow":["GET"]}}],"collection":[{"href":"https:\/\/zonaroja.com.mx\/index.php?rest_route=\/wp\/v2\/posts"}],"about":[{"href":"https:\/\/zonaroja.com.mx\/index.php?rest_route=\/wp\/v2\/types\/post"}],"author":[{"embeddable":true,"href":"https:\/\/zonaroja.com.mx\/index.php?rest_route=\/wp\/v2\/users\/2"}],"replies":[{"embeddable":true,"href":"https:\/\/zonaroja.com.mx\/index.php?rest_route=%2Fwp%2Fv2%2Fcomments&post=74673"}],"version-history":[{"count":1,"href":"https:\/\/zonaroja.com.mx\/index.php?rest_route=\/wp\/v2\/posts\/74673\/revisions"}],"predecessor-version":[{"id":74674,"href":"https:\/\/zonaroja.com.mx\/index.php?rest_route=\/wp\/v2\/posts\/74673\/revisions\/74674"}],"wp:featuredmedia":[{"embeddable":true,"href":"https:\/\/zonaroja.com.mx\/index.php?rest_route=\/wp\/v2\/media\/71598"}],"wp:attachment":[{"href":"https:\/\/zonaroja.com.mx\/index.php?rest_route=%2Fwp%2Fv2%2Fmedia&parent=74673"}],"wp:term":[{"taxonomy":"category","embeddable":true,"href":"https:\/\/zonaroja.com.mx\/index.php?rest_route=%2Fwp%2Fv2%2Fcategories&post=74673"},{"taxonomy":"post_tag","embeddable":true,"href":"https:\/\/zonaroja.com.mx\/index.php?rest_route=%2Fwp%2Fv2%2Ftags&post=74673"}],"curies":[{"name":"wp","href":"https:\/\/api.w.org\/{rel}","templated":true}]}}