{"id":74686,"date":"2024-11-20T20:29:46","date_gmt":"2024-11-21T02:29:46","guid":{"rendered":"https:\/\/zonaroja.com.mx\/?p=74686"},"modified":"2024-11-20T20:29:48","modified_gmt":"2024-11-21T02:29:48","slug":"el-ine-pide-al-senado-prorroga-de-tres-meses-para-organizar-eleccion-judicial","status":"publish","type":"post","link":"https:\/\/zonaroja.com.mx\/?p=74686","title":{"rendered":"El INE pide al Senado pr\u00f3rroga de tres meses para organizar elecci\u00f3n judicial"},"content":{"rendered":"\n<p>Redacci\u00f3n\/Zona Roja Cdmx.<\/p>\n\n\n\n<p>Ciudad de M\u00e9xico, a 20 de noviembre de 2024.- El Instituto Nacional Electoral (INE) solicit\u00f3 al Senado de la Rep\u00fablica una pr\u00f3rroga de al menos 90 d\u00edas para la realizaci\u00f3n de la elecci\u00f3n de jueces, magistrados y ministros, que est\u00e1 programada para el 1 de junio de 2025.&nbsp;<\/p>\n\n\n\n<p>El \u00f3rgano electoral plante\u00f3 que la organizaci\u00f3n del primer proceso de elecci\u00f3n del Poder Judicial conlleva retos log\u00edsticos y operativos, derivados de los litigios en contra de la reforma.&nbsp;<\/p>\n\n\n\n<p>A trav\u00e9s del oficio INE\/PC\/058\/2024 y fechado el 14 de noviembre, el \u00f3rgano present\u00f3 la solicitud ante el Senado de la Rep\u00fablica a fin de proponer una pr\u00f3rroga para la realizaci\u00f3n de la jornada electoral del proceso extraordinario del Poder Judicial 2024-2025.<\/p>\n\n\n\n<p>\u00abSe propone que la jornada electoral del proceso electivo extraordinario de 2025, no se lleve a cabo el 1 de junio de 2025, sino noventa (90) d\u00edas posteriores o m\u00e1s\u00bb, se lee en el oficio suscrito por la encargada de despacho de la Secretar\u00eda Ejecutiva del INE, Claudia Edith Su\u00e1rez.&nbsp;&nbsp;<\/p>\n\n\n\n<p>La propuesta del INE ser\u00eda que los comicios se realicen al menos hasta el 1 de septiembre del pr\u00f3ximo a\u00f1o.<\/p>\n\n\n\n<p>No obstante, de acuerdo con \u201cEl Universal\u201d, el proceso para elegir a 881 personas juzgadoras del Poder Judicial, se podr\u00eda llevar a cabo hasta el 1 de octubre de 2025.<\/p>\n\n\n\n<p>COMISI\u00d3N TEMPORAL<\/p>\n\n\n\n<p>Luego de la resoluci\u00f3n del Tribunal Electoral del Poder Judicial de la Federaci\u00f3n (TEPJF) que determin\u00f3 que era &#8216;constitucionalmente inviable&#8217; suspender el proceso electoral del Poder Judicial, el INE instal\u00f3 la Comisi\u00f3n Temporal del Proceso Electoral Extraordinario que estar\u00e1 encargada de la organizaci\u00f3n.<\/p>\n\n\n\n<p>La Comisi\u00f3n Temporal afirm\u00f3 que el INE \u00abestar\u00e1 a la altura de la demanda ciudadana, la cual espera un proceso electoral justo, equitativo, transparente y bien organizado, por lo que es tiempo de mostrar, como siempre, la fortaleza institucional que caracteriza al INE\u00bb.&nbsp;<\/p>\n\n\n\n<p>(Informaci\u00f3n de \u201cPol\u00edtico.Mx)<\/p>\n","protected":false},"excerpt":{"rendered":"<p>Redacci\u00f3n\/Zona Roja Cdmx. Ciudad de M\u00e9xico, a 20 de noviembre de 2024.- El Instituto Nacional&hellip;<\/p>\n","protected":false},"author":2,"featured_media":67576,"comment_status":"closed","ping_status":"open","sticky":false,"template":"","format":"standard","meta":{"_lmt_disableupdate":"","_lmt_disable":"","_jetpack_memberships_contains_paid_content":false,"footnotes":""},"categories":[109,46],"tags":[],"class_list":["post-74686","post","type-post","status-publish","format-standard","has-post-thumbnail","hentry","category-minuto-a-minuto","category-zona-blanca"],"jetpack_featured_media_url":"https:\/\/zonaroja.com.mx\/wp-content\/uploads\/2024\/04\/INE-Instituto-Nacional-Electoral.jpeg","jetpack_sharing_enabled":true,"_links":{"self":[{"href":"https:\/\/zonaroja.com.mx\/index.php?rest_route=\/wp\/v2\/posts\/74686","targetHints":{"allow":["GET"]}}],"collection":[{"href":"https:\/\/zonaroja.com.mx\/index.php?rest_route=\/wp\/v2\/posts"}],"about":[{"href":"https:\/\/zonaroja.com.mx\/index.php?rest_route=\/wp\/v2\/types\/post"}],"author":[{"embeddable":true,"href":"https:\/\/zonaroja.com.mx\/index.php?rest_route=\/wp\/v2\/users\/2"}],"replies":[{"embeddable":true,"href":"https:\/\/zonaroja.com.mx\/index.php?rest_route=%2Fwp%2Fv2%2Fcomments&post=74686"}],"version-history":[{"count":1,"href":"https:\/\/zonaroja.com.mx\/index.php?rest_route=\/wp\/v2\/posts\/74686\/revisions"}],"predecessor-version":[{"id":74687,"href":"https:\/\/zonaroja.com.mx\/index.php?rest_route=\/wp\/v2\/posts\/74686\/revisions\/74687"}],"wp:featuredmedia":[{"embeddable":true,"href":"https:\/\/zonaroja.com.mx\/index.php?rest_route=\/wp\/v2\/media\/67576"}],"wp:attachment":[{"href":"https:\/\/zonaroja.com.mx\/index.php?rest_route=%2Fwp%2Fv2%2Fmedia&parent=74686"}],"wp:term":[{"taxonomy":"category","embeddable":true,"href":"https:\/\/zonaroja.com.mx\/index.php?rest_route=%2Fwp%2Fv2%2Fcategories&post=74686"},{"taxonomy":"post_tag","embeddable":true,"href":"https:\/\/zonaroja.com.mx\/index.php?rest_route=%2Fwp%2Fv2%2Ftags&post=74686"}],"curies":[{"name":"wp","href":"https:\/\/api.w.org\/{rel}","templated":true}]}}