{"id":74688,"date":"2024-11-20T20:45:42","date_gmt":"2024-11-21T02:45:42","guid":{"rendered":"https:\/\/zonaroja.com.mx\/?p=74688"},"modified":"2024-11-20T20:45:44","modified_gmt":"2024-11-21T02:45:44","slug":"confirma-tribunal-electoral-triunfo-de-nancy-benitez-en-xoxo","status":"publish","type":"post","link":"https:\/\/zonaroja.com.mx\/?p=74688","title":{"rendered":"Confirma Tribunal Electoral triunfo de Nancy Ben\u00edtez en Xoxo"},"content":{"rendered":"\n<p>Redacci\u00f3n\/Zona Roja.<\/p>\n\n\n\n<p>Oaxaca de Ju\u00e1rez, Oax., a 20 de noviembre de 2024.- Luego de la resoluci\u00f3n de la Sala Xalapa del Tribunal Electoral del Poder Judicial de la Federaci\u00f3n (TEPJF) que confirma a Nancy Ben\u00edtez Z\u00e1rate como presidenta electa de Santa Cruz Xoxocotl\u00e1n, la morenista declar\u00f3 que ello es el triunfo del pueblo.&nbsp;<\/p>\n\n\n\n<p>\u201cEs el triunfo del pueblo, de la ciudadan\u00eda, y hoy le decimos a todos que tengan esa confianza que el 1 de enero llegar\u00e1 la transformaci\u00f3n a Santa Cruz Xoxocotl\u00e1n, encabezada con una mujer\u201d, expres\u00f3.&nbsp;<\/p>\n\n\n\n<p>Ben\u00edtez Z\u00e1rate adelant\u00f3 tambi\u00e9n que a partir del 1 de enero su gobierno ser\u00e1 para todos los ciudadanos, sin distinci\u00f3n alguna.&nbsp;<\/p>\n\n\n\n<p>\u201cGobernaremos de forma institucional para todas y todos los ciudadanos, sin distinci\u00f3n, todos somos iguales y vamos a gobernar para todas y todos\u201d, resalt\u00f3.&nbsp;<\/p>\n\n\n\n<p>La edil electa tambi\u00e9n inform\u00f3 que contin\u00faan con el proceso de entrega-recepci\u00f3n con la autoridad saliente de Xoxocotl\u00e1n, y con su equipo siguen en la construcci\u00f3n del Plan Municipal de Desarrollo.&nbsp;<\/p>\n\n\n\n<p>Este mi\u00e9rcoles, la Sala Xalapa del Tribunal Electoral del Poder Judicial de la Federaci\u00f3n (TEPJF) ratific\u00f3 la sentencia del Tribunal Electoral del Estado de Oaxaca (TEEO), que confirm\u00f3 la validez de la elecci\u00f3n de Santa Cruz Xoxocotl\u00e1n, cuya planilla encabeza Nancy Ben\u00edtez Z\u00e1rate, y quien result\u00f3 electa como presidenta para el periodo 2025-2027.<\/p>\n","protected":false},"excerpt":{"rendered":"<p>Redacci\u00f3n\/Zona Roja. Oaxaca de Ju\u00e1rez, Oax., a 20 de noviembre de 2024.- Luego de la&hellip;<\/p>\n","protected":false},"author":2,"featured_media":74690,"comment_status":"closed","ping_status":"open","sticky":false,"template":"","format":"standard","meta":{"_lmt_disableupdate":"","_lmt_disable":"","_jetpack_memberships_contains_paid_content":false,"footnotes":""},"categories":[109,46],"tags":[3376],"class_list":["post-74688","post","type-post","status-publish","format-standard","has-post-thumbnail","hentry","category-minuto-a-minuto","category-zona-blanca","tag-nancy-benitez"],"jetpack_featured_media_url":"https:\/\/zonaroja.com.mx\/wp-content\/uploads\/2024\/11\/Nancy-Benitez.jpg","jetpack_sharing_enabled":true,"_links":{"self":[{"href":"https:\/\/zonaroja.com.mx\/index.php?rest_route=\/wp\/v2\/posts\/74688","targetHints":{"allow":["GET"]}}],"collection":[{"href":"https:\/\/zonaroja.com.mx\/index.php?rest_route=\/wp\/v2\/posts"}],"about":[{"href":"https:\/\/zonaroja.com.mx\/index.php?rest_route=\/wp\/v2\/types\/post"}],"author":[{"embeddable":true,"href":"https:\/\/zonaroja.com.mx\/index.php?rest_route=\/wp\/v2\/users\/2"}],"replies":[{"embeddable":true,"href":"https:\/\/zonaroja.com.mx\/index.php?rest_route=%2Fwp%2Fv2%2Fcomments&post=74688"}],"version-history":[{"count":1,"href":"https:\/\/zonaroja.com.mx\/index.php?rest_route=\/wp\/v2\/posts\/74688\/revisions"}],"predecessor-version":[{"id":74691,"href":"https:\/\/zonaroja.com.mx\/index.php?rest_route=\/wp\/v2\/posts\/74688\/revisions\/74691"}],"wp:featuredmedia":[{"embeddable":true,"href":"https:\/\/zonaroja.com.mx\/index.php?rest_route=\/wp\/v2\/media\/74690"}],"wp:attachment":[{"href":"https:\/\/zonaroja.com.mx\/index.php?rest_route=%2Fwp%2Fv2%2Fmedia&parent=74688"}],"wp:term":[{"taxonomy":"category","embeddable":true,"href":"https:\/\/zonaroja.com.mx\/index.php?rest_route=%2Fwp%2Fv2%2Fcategories&post=74688"},{"taxonomy":"post_tag","embeddable":true,"href":"https:\/\/zonaroja.com.mx\/index.php?rest_route=%2Fwp%2Fv2%2Ftags&post=74688"}],"curies":[{"name":"wp","href":"https:\/\/api.w.org\/{rel}","templated":true}]}}