{"id":74698,"date":"2024-11-21T08:20:00","date_gmt":"2024-11-21T14:20:00","guid":{"rendered":"https:\/\/zonaroja.com.mx\/?p=74698"},"modified":"2024-11-21T07:10:02","modified_gmt":"2024-11-21T13:10:02","slug":"tiene-oaxaca-universidad-de-la-seguridad-publica-y-paz-social-2","status":"publish","type":"post","link":"https:\/\/zonaroja.com.mx\/?p=74698","title":{"rendered":"Tiene Oaxaca Universidad de la Seguridad P\u00fablica y Paz Social"},"content":{"rendered":"\n<p>Redacci\u00f3n\/Zona Roja.<\/p>\n\n\n\n<p>Oaxaca de Ju\u00e1rez, Oax., a 21 de noviembre de 2024.- El estado de Oaxaca ya cuenta con una Universidad de la Seguridad P\u00fablica y Paz Social, cuya finalidad es la profesionalizaci\u00f3n de la labor policial de la entidad. &nbsp;<\/p>\n\n\n\n<p>La sede, en lo que fue el Instituto de Formaci\u00f3n Policial, ubicado en la agencia de San Sebasti\u00e1n, municipio de San Pablo, Etla, fue inaugurado ayer por el gobernador Salom\u00f3n Jara Cruz.<\/p>\n\n\n\n<p>De acuerdo con un comunicado, esta universidad formar\u00e1 a dos mil 200 personas anualmente, cuyos programas de estudios se encuentran homologados con los federales e incluir\u00e1n enfoque de derechos humanos y perspectiva de g\u00e9nero.<\/p>\n\n\n\n<p>En su mensaje, dijo que como nunca antes, se fortalecer\u00e1 la formaci\u00f3n y capacitaci\u00f3n de los cuerpos de seguridad con los m\u00e1s altos est\u00e1ndares a nivel nacional; contar\u00e1 con un modelo educativo innovador e inclusivo que promueva preparaci\u00f3n policial de excelencia.<\/p>\n\n\n\n<p>\u201cEstamos invirtiendo recursos, voluntades y esfuerzos para consolidar un modelo de seguridad p\u00fablica que responda con eficiencia y eficacia a las necesidades del estado\u201d, asegur\u00f3.<\/p>\n\n\n\n<p>En tanto, el titular de la Secretar\u00eda de Seguridad y Protecci\u00f3n Ciudadana (SSPC) Iv\u00e1n Garc\u00eda \u00c1lvarez, resalt\u00f3 que Oaxaca avanza en la ruta correcta al posicionarse como referente en la capacitaci\u00f3n policial de excelencia y promotor de la cultura de paz y justicia social como uno de los ejes para garantizar la gobernabilidad y la convivencia pac\u00edfica.<\/p>\n\n\n\n<p>Asimismo, la titular del Secretariado Ejecutivo del Sistema Estatal de Seguridad P\u00fablica (SESESP) Karina Bar\u00f3n Ortiz expuso que con la \u201cPrimavera Oaxaque\u00f1a\u201d se consolid\u00f3 este proyecto en el que participar\u00e1n los mejores instructores para la profesionalizaci\u00f3n de elementos de la SSPC, la Fiscal\u00eda General del Estado de Oaxaca, la Coordinaci\u00f3n Estatal de Protecci\u00f3n Civil y Gesti\u00f3n de Riesgos (CEPyGR) y de municipios.<\/p>\n\n\n\n<p>En esta universidad se podr\u00e1n cursar las licenciaturas en Ciberseguridad, Seguridad Ciudadana, Derechos, Criminal\u00edstica e investigaci\u00f3n policial, as\u00ed como la ingenier\u00eda en Protecci\u00f3n Civil y evaluaci\u00f3n de riesgos.&nbsp;<\/p>\n\n\n\n<p>Tambi\u00e9n, brindar\u00e1 atenci\u00f3n para estudiar la preparatoria abierta. Cuenta con aulas, una de audiovisual y de tecnolog\u00edas de la informaci\u00f3n, simuladores, sala de audiencias, servicio m\u00e9dico, comedor, oficinas y sanitarios.<\/p>\n\n\n\n<figure class=\"wp-block-embed is-type-rich is-provider-twitter wp-block-embed-twitter\"><div class=\"wp-block-embed__wrapper\">\n<div class=\"twitter-tweet\"><blockquote class=\"twitter-tweet\" data-lang=\"es\"><p lang=\"es\" dir=\"ltr\">Este mi\u00e9rcoles fue inaugurada la Universidad de la Seguridad P\u00fablica y la Paz Social de Oaxaca.<br><br>Se ubica en San Sebasti\u00e1n, localidad del municipio de San Pablo, Etla.<br><br>De acuerdo con el gobernador <a href=\"https:\/\/twitter.com\/salomonj?ref_src=twsrc%5Etfw\">@salomonj<\/a>, con ello la entidad se pone a la vanguardia, al crear un modelo\u2026 <a href=\"https:\/\/t.co\/YI5tXG8m4c\">pic.twitter.com\/YI5tXG8m4c<\/a><\/p>&mdash; Zona Roja Oaxaca (@ZonaRoja_Oaxaca) <a href=\"https:\/\/twitter.com\/ZonaRoja_Oaxaca\/status\/1859418233448824971?ref_src=twsrc%5Etfw\">21 de noviembre de 2024<\/a><\/blockquote><\/div>\n<\/div><\/figure>\n","protected":false},"excerpt":{"rendered":"<p>Redacci\u00f3n\/Zona Roja. Oaxaca de Ju\u00e1rez, Oax., a 21 de noviembre de 2024.- El estado de&hellip;<\/p>\n","protected":false},"author":2,"featured_media":74699,"comment_status":"closed","ping_status":"open","sticky":false,"template":"","format":"standard","meta":{"_lmt_disableupdate":"","_lmt_disable":"","_jetpack_memberships_contains_paid_content":false,"footnotes":""},"categories":[109,46],"tags":[939],"class_list":["post-74698","post","type-post","status-publish","format-standard","has-post-thumbnail","hentry","category-minuto-a-minuto","category-zona-blanca","tag-salomon-jara-cruz"],"jetpack_featured_media_url":"https:\/\/zonaroja.com.mx\/wp-content\/uploads\/2024\/11\/Una-realidad-la-Universidad-de-la-Seguridad-Publica-y-Paz-Social-de-Oaxaca-12.jpg","jetpack_sharing_enabled":true,"_links":{"self":[{"href":"https:\/\/zonaroja.com.mx\/index.php?rest_route=\/wp\/v2\/posts\/74698","targetHints":{"allow":["GET"]}}],"collection":[{"href":"https:\/\/zonaroja.com.mx\/index.php?rest_route=\/wp\/v2\/posts"}],"about":[{"href":"https:\/\/zonaroja.com.mx\/index.php?rest_route=\/wp\/v2\/types\/post"}],"author":[{"embeddable":true,"href":"https:\/\/zonaroja.com.mx\/index.php?rest_route=\/wp\/v2\/users\/2"}],"replies":[{"embeddable":true,"href":"https:\/\/zonaroja.com.mx\/index.php?rest_route=%2Fwp%2Fv2%2Fcomments&post=74698"}],"version-history":[{"count":1,"href":"https:\/\/zonaroja.com.mx\/index.php?rest_route=\/wp\/v2\/posts\/74698\/revisions"}],"predecessor-version":[{"id":74700,"href":"https:\/\/zonaroja.com.mx\/index.php?rest_route=\/wp\/v2\/posts\/74698\/revisions\/74700"}],"wp:featuredmedia":[{"embeddable":true,"href":"https:\/\/zonaroja.com.mx\/index.php?rest_route=\/wp\/v2\/media\/74699"}],"wp:attachment":[{"href":"https:\/\/zonaroja.com.mx\/index.php?rest_route=%2Fwp%2Fv2%2Fmedia&parent=74698"}],"wp:term":[{"taxonomy":"category","embeddable":true,"href":"https:\/\/zonaroja.com.mx\/index.php?rest_route=%2Fwp%2Fv2%2Fcategories&post=74698"},{"taxonomy":"post_tag","embeddable":true,"href":"https:\/\/zonaroja.com.mx\/index.php?rest_route=%2Fwp%2Fv2%2Ftags&post=74698"}],"curies":[{"name":"wp","href":"https:\/\/api.w.org\/{rel}","templated":true}]}}