{"id":74701,"date":"2024-11-21T09:10:00","date_gmt":"2024-11-21T15:10:00","guid":{"rendered":"https:\/\/zonaroja.com.mx\/?p=74701"},"modified":"2024-11-21T07:54:43","modified_gmt":"2024-11-21T13:54:43","slug":"tras-reiniciar-reuniones-en-cdmx-por-la-paz-en-zona-triqui-mult-denuncia-atentado","status":"publish","type":"post","link":"https:\/\/zonaroja.com.mx\/?p=74701","title":{"rendered":"Tras reiniciar reuniones en Cdmx por la paz en zona Triqui, MULT denuncia atentado"},"content":{"rendered":"\n<p>Ismael Garc\u00eda M.\/Zona Roja.<\/p>\n\n\n\n<p>Oaxaca de Ju\u00e1rez, Oax., a 21 de noviembre de 2022.- A menos de dos d\u00edas de haber reiniciado en la Secretar\u00eda de Gobernaci\u00f3n (Segob) las mesas de di\u00e1logo para lograr la paz en la zona Triqui, el Movimiento de Unificaci\u00f3n y Lucha Triqui (MULT) denunci\u00f3 un atentado en contra de uno de sus dirigentes.<\/p>\n\n\n\n<p>Seg\u00fan su versi\u00f3n, Fortino Dom\u00ednguez, integrante de la dirigencia colectiva, fue atacado a balazos la madrugada de este jueves, presuntamente por dos motociclistas, cuando circulaba con su veh\u00edculo en la carretera a San Pedro Ixtlahuaca, regi\u00f3n Valles Centrales.<\/p>\n\n\n\n<p>El hombre sali\u00f3 ileso al huir desde la colonia La Ca\u00f1ada hasta la colonia Loma Bonita, donde logr\u00f3 perder a los agresores. Hasta el momento no hay comunicado oficial de la organizaci\u00f3n social.<\/p>\n\n\n\n<p>Apenas el pasado martes en la Ciudad de M\u00e9xico, la secretaria de Gobernaci\u00f3n, Rosa Icela Rodr\u00edguez, y el gobernador de Oaxaca, Salom\u00f3n Jara Cruz, se reunieron por separado con integrantes del MULT.<\/p>\n\n\n\n<p>As\u00ed tambi\u00e9n con el Movimiento de Unificaci\u00f3n y Lucha Triqui Independiente (MULTI), ac\u00e9rrimo rival del MULT, y la Uni\u00f3n de Bienestar Social de la Regi\u00f3n Triqui (Ubisort).<\/p>\n\n\n\n<p>\u201cEste #martes, en coordinaci\u00f3n con el gobernador de #Oaxaca, @salomonj, y el subsecretario @arturomedinap, recibimos en la @SEGOB_mx a integrantes del #MULT para brindar atenci\u00f3n a sus demandas\u201d, difundi\u00f3 ese d\u00eda la secretaria de Gobernaci\u00f3n.<\/p>\n\n\n\n<p>Mientras que el mandatario oaxaque\u00f1o dio a conocer en sus redes sociales: \u201cEn la #CDMX, sostuvimos una reuni\u00f3n de trabajo con la secretaria de Gobernaci\u00f3n,&nbsp;<\/p>\n\n\n\n<p>@rosaicela_, el subsecretario Arturo Medina, e integrantes del Movimiento Unificador de Lucha Triqui (MULT), para dar seguimiento a sus necesidades.<\/p>\n\n\n\n<p>\u201cDe la mano del Gobierno de M\u00e9xico, estamos comprometidos en alcanzar la #Paz duradera en la regi\u00f3n Triqui\u201d.<\/p>\n\n\n\n<p>Por su parte el MULTI destac\u00f3:<\/p>\n\n\n\n<p>\u201cEl d\u00eda de hoy, nos reunimos en @SEGOB_mx con @rosaicela_, @arturomedinap<\/p>\n\n\n\n<p>&nbsp;y @jesusromerooax para presentar nuestro proyecto de #Construcci\u00f3nDePaz para la regi\u00f3n #triqui. Abord\u00e1ndolo de manera integral y empezando por el #retornoseguro de las familias #desplazadas\u201d, destac\u00f3.<\/p>\n\n\n\n<p>De las tres reuniones por separado, s\u00f3lo a una asisti\u00f3 el mandatario estatal, las dem\u00e1s las presidi\u00f3 Jes\u00fas Romero L\u00f3pez; no hubo versi\u00f3n oficial ni por parte del Gobierno del Estado ni por las organizaciones sociales que participaron.<\/p>\n\n\n\n<figure class=\"wp-block-embed is-type-rich is-provider-twitter wp-block-embed-twitter\"><div class=\"wp-block-embed__wrapper\">\n<div class=\"twitter-tweet\"><blockquote class=\"twitter-tweet\" data-lang=\"es\"><p lang=\"es\" dir=\"ltr\">Este <a href=\"https:\/\/twitter.com\/hashtag\/martes?src=hash&amp;ref_src=twsrc%5Etfw\">#martes<\/a>, en coordinaci\u00f3n con el gobernador de <a href=\"https:\/\/twitter.com\/hashtag\/Oaxaca?src=hash&amp;ref_src=twsrc%5Etfw\">#Oaxaca<\/a>, <a href=\"https:\/\/twitter.com\/salomonj?ref_src=twsrc%5Etfw\">@salomonj<\/a>, y el subsecretario <a href=\"https:\/\/twitter.com\/arturomedinap?ref_src=twsrc%5Etfw\">@arturomedinap<\/a>, recibimos en la <a href=\"https:\/\/twitter.com\/SEGOB_mx?ref_src=twsrc%5Etfw\">@SEGOB_mx<\/a> a integrantes del <a href=\"https:\/\/twitter.com\/hashtag\/MULT?src=hash&amp;ref_src=twsrc%5Etfw\">#MULT<\/a> para brindar atenci\u00f3n a sus demandas. \ud83c\uddf2\ud83c\uddfd <a href=\"https:\/\/twitter.com\/Claudiashein?ref_src=twsrc%5Etfw\">@Claudiashein<\/a> <a href=\"https:\/\/t.co\/ptJFiAZ7VV\">pic.twitter.com\/ptJFiAZ7VV<\/a><\/p>&mdash; Rosa Icela Rodr\u00edguez Vel\u00e1zquez (@rosaicela_) <a href=\"https:\/\/twitter.com\/rosaicela_\/status\/1859007565251965406?ref_src=twsrc%5Etfw\">19 de noviembre de 2024<\/a><\/blockquote><\/div>\n<\/div><\/figure>\n","protected":false},"excerpt":{"rendered":"<p>Ismael Garc\u00eda M.\/Zona Roja. Oaxaca de Ju\u00e1rez, Oax., a 21 de noviembre de 2022.- A&hellip;<\/p>\n","protected":false},"author":2,"featured_media":74702,"comment_status":"closed","ping_status":"open","sticky":false,"template":"","format":"standard","meta":{"_lmt_disableupdate":"","_lmt_disable":"","_jetpack_memberships_contains_paid_content":false,"footnotes":""},"categories":[109,47],"tags":[2411],"class_list":["post-74701","post","type-post","status-publish","format-standard","has-post-thumbnail","hentry","category-minuto-a-minuto","category-zona-gris","tag-movimiento-de-unificacion-y-lucha-triqui-independiente-multi"],"jetpack_featured_media_url":"https:\/\/zonaroja.com.mx\/wp-content\/uploads\/2024\/11\/Reunion-en-Cdmx-Segob-Jara-MULT.jpeg","jetpack_sharing_enabled":true,"_links":{"self":[{"href":"https:\/\/zonaroja.com.mx\/index.php?rest_route=\/wp\/v2\/posts\/74701","targetHints":{"allow":["GET"]}}],"collection":[{"href":"https:\/\/zonaroja.com.mx\/index.php?rest_route=\/wp\/v2\/posts"}],"about":[{"href":"https:\/\/zonaroja.com.mx\/index.php?rest_route=\/wp\/v2\/types\/post"}],"author":[{"embeddable":true,"href":"https:\/\/zonaroja.com.mx\/index.php?rest_route=\/wp\/v2\/users\/2"}],"replies":[{"embeddable":true,"href":"https:\/\/zonaroja.com.mx\/index.php?rest_route=%2Fwp%2Fv2%2Fcomments&post=74701"}],"version-history":[{"count":2,"href":"https:\/\/zonaroja.com.mx\/index.php?rest_route=\/wp\/v2\/posts\/74701\/revisions"}],"predecessor-version":[{"id":74707,"href":"https:\/\/zonaroja.com.mx\/index.php?rest_route=\/wp\/v2\/posts\/74701\/revisions\/74707"}],"wp:featuredmedia":[{"embeddable":true,"href":"https:\/\/zonaroja.com.mx\/index.php?rest_route=\/wp\/v2\/media\/74702"}],"wp:attachment":[{"href":"https:\/\/zonaroja.com.mx\/index.php?rest_route=%2Fwp%2Fv2%2Fmedia&parent=74701"}],"wp:term":[{"taxonomy":"category","embeddable":true,"href":"https:\/\/zonaroja.com.mx\/index.php?rest_route=%2Fwp%2Fv2%2Fcategories&post=74701"},{"taxonomy":"post_tag","embeddable":true,"href":"https:\/\/zonaroja.com.mx\/index.php?rest_route=%2Fwp%2Fv2%2Ftags&post=74701"}],"curies":[{"name":"wp","href":"https:\/\/api.w.org\/{rel}","templated":true}]}}