{"id":74710,"date":"2024-11-21T12:22:00","date_gmt":"2024-11-21T18:22:00","guid":{"rendered":"https:\/\/zonaroja.com.mx\/?p=74710"},"modified":"2024-11-21T08:26:48","modified_gmt":"2024-11-21T14:26:48","slug":"ante-secretaria-de-gobernacion-emelia-ortiz-pide-investigacion-a-fondo","status":"publish","type":"post","link":"https:\/\/zonaroja.com.mx\/?p=74710","title":{"rendered":"Ante secretaria de Gobernaci\u00f3n, Emelia Ortiz pide investigaci\u00f3n a fondo"},"content":{"rendered":"\n<p>Redacci\u00f3n\/SemM\u00e9xico<\/p>\n\n\n\n<p>Oaxaca de Ju\u00e1rez, Oax., a 21 de noviembre de 2024.- Emelia Ortiz Garc\u00eda afirm\u00f3 que la Fiscal\u00eda General de Oaxaca debe investigar a fondo los feminicidios de sus hermanas Adriana y Virginia, a fin de que las personas detenidas no sean chivos expiatorios e inform\u00f3 que as\u00ed lo plante\u00f3 este martes en una reuni\u00f3n con la secretaria de Gobernaci\u00f3n, Rosa Icela Rodr\u00edguez Vel\u00e1zquez.<\/p>\n\n\n\n<p>En entrevista con SemM\u00e9xico, Emelia Ortiz Garc\u00eda descart\u00f3 que el feminicidio de sus hermanas, ocurrido el 5 de octubre pasado, haya sido de car\u00e1cter \u201cpersonal y no pol\u00edtico\u201d como se\u00f1al\u00f3 el gobernador Salom\u00f3n Jara Cruz en su conferencia ma\u00f1anera la semana pasada, en la que incluso adelant\u00f3 que dicho doble feminicidio fue una consecuencia de un problema entre taxistas.<\/p>\n\n\n\n<p>\u201cAyer en la reuni\u00f3n con la titular de la Secretar\u00eda de Gobernaci\u00f3n, le dije que no es como el gobernador ha dicho, porque mis hermanas Adriana y Virginias son tambi\u00e9n militantes del Movimiento de Unificaci\u00f3n de Lucha Triqui, adem\u00e1s han acompa\u00f1ado las luchas de las mujeres por alcanzar la paz, incluyendo la denuncia permanente por la indiferencia del Estado frente a los feminicidios y la desaparici\u00f3n de mis primas Virginia de 20 a\u00f1os y Daniela de 14 (hechos ocurridos en 2007 en la regi\u00f3n de la Mixteca oaxaque\u00f1a).<\/p>\n\n\n\n<p>Inform\u00f3 que en esa misma mesa de trabajo ante la secretaria Rodr\u00edguez Vel\u00e1zquez plante\u00f3 que previo doble feminicidio, meses antes, hubo amenazas en contra de su familia, las cuales fueron denunciadas, a pesar de ello, en septiembre pasado le retiraron la seguridad a su t\u00edo Juan Domingo P\u00e9rez (fundador del MULT), por lo que asegur\u00f3 que se trat\u00f3 de \u201cun crimen de Estado y no de un problema personal o de un conflicto entre taxistas\u201d.<\/p>\n\n\n\n<p>\u201cTal parece que mi insistencia ante la secretaria de Gobernaci\u00f3n molest\u00f3 al gobernador Salom\u00f3n Jara Cruz y el titular de Gobierno de Oaxaca, Jes\u00fas Romero L\u00f3pez\u201d, dice Emelia Ortiz Garc\u00eda.<\/p>\n\n\n\n<p>Explic\u00f3 que la reuni\u00f3n sostenida en la Secretar\u00eda de Gobernaci\u00f3n en la ciudad de M\u00e9xico, la secretaria Rodr\u00edguez Vel\u00e1zquez estuvo de acuerdo en que se siga investigando a fondo como tiene que ser, luego de que el fiscal de Oaxaca, Bernardo Rodr\u00edguez Alamilla le informara v\u00eda WhatsApp de la detenci\u00f3n de dos personas el pasado lunes, informaci\u00f3n que se hizo p\u00fablica la tarde noche de este martes.<\/p>\n\n\n\n<p>\u201cEn todo caso, le he dicho al fiscal Rodr\u00edguez Alamilla que si estas personas son las autoras materiales del asesinato, que le digan quienes pagaron para asesinar a mis hermanas y para eso se requiere que realmente investiguen\u201d, puntualiza la defensora triqui.<\/p>\n\n\n\n<p>VERSI\u00d3N OFICIAL<\/p>\n\n\n\n<p>El martes por la noche la Fiscal\u00eda General del Estado de Oaxaca dio a conocer que detuvo \u201ca dos personas del sexo masculino identificadas como J. A. R. L. y A. C. O., a quienes aseguraron dos objetos que, gracias a los estudios cient\u00edficos efectuados por peritos de la instituci\u00f3n, se estableci\u00f3 que fueron utilizados para cometer el homicidio de dos mujeres originarias de la zona Triqui en la regi\u00f3n de la Mixteca, el cual ocurri\u00f3 en calles del a capital de la entidad en d\u00edas pasados\u201d.<\/p>\n\n\n\n<p>De acuerdo con el expediente penal del caso, derivado de los trabajos de inteligencia criminal que aplica la FGEO, se logr\u00f3 la detenci\u00f3n de los dos sujetos, en calles de la ciudad de Oaxaca de Ju\u00e1rez, a quienes aseguraron diversas dosis de drogas, adem\u00e1s de diferentes objetos los cuales quedaron integrados a las indagatorias.<\/p>\n\n\n\n<p>El resultado de los estudios cient\u00edficos que aplicaron especialistas forenses del Instituto de Servicios Periciales de la FGEO, se tiene la certeza que dichos objetos coinciden con los utilizados para cometer el homicidio de dos mujeres originarias de la zona Triqui, luego de ser cotejados con los indicios localizados en el lugar de los hechos.<\/p>\n\n\n\n<p>El doble homicidio ocurri\u00f3 la noche del 5 de noviembre de 2024, en calles de la colonia Francisco I. Madero en la ciudad de Oaxaca de Ju\u00e1rez, agredieron con disparos de arma de fuego a dos mujeres identificadas como V. O. G. y A. O. G., quienes fallecieron a consecuencia de las lesiones infligidas durante el ataque.<\/p>\n\n\n\n<p>La Fiscal\u00eda de Oaxaca realiza investigaciones transversales para tomar en cuenta el contexto de las v\u00edctimas, adem\u00e1s que se basa en los resultados de los estudios periciales para tener certeza cient\u00edfica como parte de las labores de procuraci\u00f3n de justicia a favor de las v\u00edctimas.<\/p>\n","protected":false},"excerpt":{"rendered":"<p>Redacci\u00f3n\/SemM\u00e9xico Oaxaca de Ju\u00e1rez, Oax., a 21 de noviembre de 2024.- Emelia Ortiz Garc\u00eda afirm\u00f3&hellip;<\/p>\n","protected":false},"author":2,"featured_media":74711,"comment_status":"closed","ping_status":"open","sticky":false,"template":"","format":"standard","meta":{"_lmt_disableupdate":"","_lmt_disable":"","_jetpack_memberships_contains_paid_content":false,"footnotes":""},"categories":[109,47],"tags":[867],"class_list":["post-74710","post","type-post","status-publish","format-standard","has-post-thumbnail","hentry","category-minuto-a-minuto","category-zona-gris","tag-movimiento-unificador-de-lucha-triqui-mult"],"jetpack_featured_media_url":"https:\/\/zonaroja.com.mx\/wp-content\/uploads\/2024\/11\/Runion-MULT-en-Segob.jpg.webp","jetpack_sharing_enabled":true,"_links":{"self":[{"href":"https:\/\/zonaroja.com.mx\/index.php?rest_route=\/wp\/v2\/posts\/74710","targetHints":{"allow":["GET"]}}],"collection":[{"href":"https:\/\/zonaroja.com.mx\/index.php?rest_route=\/wp\/v2\/posts"}],"about":[{"href":"https:\/\/zonaroja.com.mx\/index.php?rest_route=\/wp\/v2\/types\/post"}],"author":[{"embeddable":true,"href":"https:\/\/zonaroja.com.mx\/index.php?rest_route=\/wp\/v2\/users\/2"}],"replies":[{"embeddable":true,"href":"https:\/\/zonaroja.com.mx\/index.php?rest_route=%2Fwp%2Fv2%2Fcomments&post=74710"}],"version-history":[{"count":1,"href":"https:\/\/zonaroja.com.mx\/index.php?rest_route=\/wp\/v2\/posts\/74710\/revisions"}],"predecessor-version":[{"id":74712,"href":"https:\/\/zonaroja.com.mx\/index.php?rest_route=\/wp\/v2\/posts\/74710\/revisions\/74712"}],"wp:featuredmedia":[{"embeddable":true,"href":"https:\/\/zonaroja.com.mx\/index.php?rest_route=\/wp\/v2\/media\/74711"}],"wp:attachment":[{"href":"https:\/\/zonaroja.com.mx\/index.php?rest_route=%2Fwp%2Fv2%2Fmedia&parent=74710"}],"wp:term":[{"taxonomy":"category","embeddable":true,"href":"https:\/\/zonaroja.com.mx\/index.php?rest_route=%2Fwp%2Fv2%2Fcategories&post=74710"},{"taxonomy":"post_tag","embeddable":true,"href":"https:\/\/zonaroja.com.mx\/index.php?rest_route=%2Fwp%2Fv2%2Ftags&post=74710"}],"curies":[{"name":"wp","href":"https:\/\/api.w.org\/{rel}","templated":true}]}}