{"id":74713,"date":"2024-11-21T14:25:00","date_gmt":"2024-11-21T20:25:00","guid":{"rendered":"https:\/\/zonaroja.com.mx\/?p=74713"},"modified":"2024-11-21T16:02:25","modified_gmt":"2024-11-21T22:02:25","slug":"opinion-obra-publica-fracaso-y-despilfarro","status":"publish","type":"post","link":"https:\/\/zonaroja.com.mx\/?p=74713","title":{"rendered":"Opini\u00f3n. Obra p\u00fablica, fracaso y despilfarro"},"content":{"rendered":"\n<p>N\u00e9stor Y. S\u00e1nchez Islas.<\/p>\n\n\n\n<p>\u201cOiga, mi general, \u00bfNo cree usted que es una obra muy costosa para una regi\u00f3n como \u00e9sta?\u201d Le preguntaron al General L\u00e1zaro C\u00e1rdenas, Vocal de la Comisi\u00f3n del R\u00edo Balsas, durante la inauguraci\u00f3n de un magn\u00edfico puente en la poblaci\u00f3n de Santo Domingo Tonal\u00e1, en la mixteca en 1968.<\/p>\n\n\n\n<p>Dicen las cr\u00f3nicas de la \u00e9poca que la respuesta fue m\u00e1s o menos as\u00ed: \u201cTambi\u00e9n los jodidos merecen obras costosas y, una vez que yo me vaya, sepa usted cuando vendr\u00e1 alguien a realizar buenas obras a estos lugares\u201d, en referencia a la fortaleza y calidad de la obra. El referido puente sigue ah\u00ed desde hace 56 a\u00f1os.<\/p>\n\n\n\n<p>Existen otras obras construidas hace muchos a\u00f1os que ah\u00ed siguen cumpliendo su funci\u00f3n. Fueron construidas en \u00e9pocas en que los gobiernos estatales no ten\u00edan los recursos de que ahora disponen. \u00bfC\u00f3mo hicieron aquellos gobiernos para hacer tanto con tan poco? La respuesta debe estar en los cimientos de la Plaza de la Danza, o en los del auditorio \u201cGuelaguetza\u201d o en los de la fuente de las 7 Regiones, que ese fue su nombre original.&nbsp;<\/p>\n\n\n\n<p>Tanto en el pasado como ahora existe la corrupci\u00f3n, sin embargo, hab\u00eda un poco de pudor en \u00e9pocas pasadas.<\/p>\n\n\n\n<p>Esas obras fueron construidas con criterios y visi\u00f3n muy diferente a los actuales que, m\u00e1s que pensar en que una obra debe servir a la comunidad, lo que se busca es el negocio que representar\u00e1 la adjudicaci\u00f3n de los contratos y el uso pol\u00edtico que cada gobernador le dar\u00e1 a su obra, raz\u00f3n por la cual su sucesor la dejar\u00e1 en el abandono.<\/p>\n\n\n\n<p>El dispendio es enorme, el fracaso es evidente y el cinismo rampante. La impunidad con la que se ha blindado la clase pol\u00edtica es un insulto para todos nosotros. El estadio de futbol \u201cBenito Ju\u00e1rez\u201d en las canteras de Ixcotel fue inaugurado en 1987 y demolido en 2016. La obra nunca se concluy\u00f3 y, proyectado originalmente para 25 mil espectadores, los m\u00e1s que pudo recibir fueron 12 mil. Esa inversi\u00f3n se fue a la basura.<\/p>\n\n\n\n<p>La Ciudad de las Canteras es el ejemplo perfecto de que las revanchas pol\u00edticas son peores que los celos del marido despechado. La inici\u00f3 Heladio Ram\u00edrez y la concluy\u00f3 Di\u00f3doro Carrasco. Fue en su momento un sitio muy atractivo y una de las pocas opciones de esparcimiento.&nbsp;<\/p>\n\n\n\n<p>Al llegar Jos\u00e9 Murat abandon\u00f3 el parque. La Ciudad de las Canteras se convirti\u00f3 en una ruina por algunos a\u00f1os. Pero \u00e9l hizo su obra propia, ofreci\u00f3 a la ciudadan\u00eda una alberca ol\u00edmpica en el parque \u201cEl Tequio\u201d que ser\u00eda un ejemplo a nivel nacional. La estafa de la alberca ol\u00edmpica no dur\u00f3 m\u00e1s all\u00e1 de su sexenio. Su sucesor, Ulises Ru\u00edz, dej\u00f3 tirados por todo Oaxaca los cascarones de cl\u00ednicas y hospitales.<\/p>\n\n\n\n<p>Gabino Cu\u00e9 remodel\u00f3 el parque deportivo \u201cVenustiano Carranza\u201d. El ahora Polideportivo fue modernizado y construy\u00f3 con fondos p\u00fablicos el Centro de Recreaci\u00f3n y Acondicionamiento Deportivo, CRAD, que tiene hasta alberca. Este moderno gimnasio construido con dinero p\u00fablico fue entregado para su explotaci\u00f3n a una empresa privada. No sobrevivi\u00f3, qued\u00f3 hecho una ruina en apenas cuatro a\u00f1os y cerrado definitivamente con la pandemia. Salom\u00f3n Jara lo acaba de \u201crescatar\u201d.<\/p>\n\n\n\n<p>Alejandro Murat nos hered\u00f3 una enorme deuda p\u00fablica y varias obras chatarra. No concluy\u00f3 el Centro Cultural y de Convenciones, edificado en donde estuvo el estadio Benito Ju\u00e1rez.&nbsp;<\/p>\n\n\n\n<p>Lo us\u00f3 durante se gobierno y dej\u00f3 ese edificio en condiciones deplorables. Necesitar\u00e1 pronto un rescate y que sea concluido.<\/p>\n\n\n\n<p>La ciudad necesita plazas p\u00fablicas en donde se vuelva a dar la convivencia social que se ha trasladado a las plazas comerciales. Un parque representa una mejor\u00eda en la calidad de vida, en el desarrollo comunitario, sirve para retener agua y proteger el ambiente, otorga un bienestar al ayudar a reducir el estr\u00e9s o contribuyen al equilibrio social ya que proporcionan acceso a espacios de recreaci\u00f3n y esparcimiento para todos los ciudadanos, independientemente de su nivel socioecon\u00f3mico.&nbsp;<\/p>\n\n\n\n<p>Los parques p\u00fablicos y espacios deportivos son mucho m\u00e1s que simples lugares para hacer ejercicio. Son elementos clave para construir ciudades m\u00e1s saludables, sostenibles y equitativas.<\/p>\n\n\n\n<p>El gobierno acaba de entregar el Parque Primavera y, desde ahora, se ve que ser\u00e1 otro proyecto destinado al fracaso tanto por la baja calidad de la obra como por el dinero justificado en \u00e9l. Es muy dif\u00edcil creer que se gastaron 500 millones de pesos en \u00e9l al ver que no construyeron nada, solo aprovecharon los viejos edificios existentes, colocaron jueguitos infantiles de pl\u00e1stico y aplanaron el piso para colocar canchas deportivas.<\/p>\n\n\n\n<p>Esa zona necesita atenci\u00f3n y un parque es una buena idea. Pero necesitaba una obra dise\u00f1ada y construida con un criterio como el que us\u00f3 L\u00e1zaro C\u00e1rdenas para las obras que hizo en la mixteca: fuertes, bien hechas y que duraran muchos a\u00f1os.<\/p>\n\n\n\n<p>En lugar de eso, este parque reci\u00e9n inaugurado con su equipamiento tan corriente ser\u00e1 dif\u00edcil que sobreviva en buenas condiciones a esta administraci\u00f3n.<\/p>\n\n\n\n<p>nestoryuri@yahoo.com<\/p>\n","protected":false},"excerpt":{"rendered":"<p>N\u00e9stor Y. S\u00e1nchez Islas. \u201cOiga, mi general, \u00bfNo cree usted que es una obra muy&hellip;<\/p>\n","protected":false},"author":2,"featured_media":67897,"comment_status":"closed","ping_status":"open","sticky":false,"template":"","format":"standard","meta":{"_lmt_disableupdate":"","_lmt_disable":"","_jetpack_memberships_contains_paid_content":false,"footnotes":""},"categories":[1],"tags":[],"class_list":["post-74713","post","type-post","status-publish","format-standard","has-post-thumbnail","hentry","category-sin-categoria"],"jetpack_featured_media_url":"https:\/\/zonaroja.com.mx\/wp-content\/uploads\/2024\/05\/Opinion-Nestor-Yuri-Sanchez.jpeg","jetpack_sharing_enabled":true,"_links":{"self":[{"href":"https:\/\/zonaroja.com.mx\/index.php?rest_route=\/wp\/v2\/posts\/74713","targetHints":{"allow":["GET"]}}],"collection":[{"href":"https:\/\/zonaroja.com.mx\/index.php?rest_route=\/wp\/v2\/posts"}],"about":[{"href":"https:\/\/zonaroja.com.mx\/index.php?rest_route=\/wp\/v2\/types\/post"}],"author":[{"embeddable":true,"href":"https:\/\/zonaroja.com.mx\/index.php?rest_route=\/wp\/v2\/users\/2"}],"replies":[{"embeddable":true,"href":"https:\/\/zonaroja.com.mx\/index.php?rest_route=%2Fwp%2Fv2%2Fcomments&post=74713"}],"version-history":[{"count":1,"href":"https:\/\/zonaroja.com.mx\/index.php?rest_route=\/wp\/v2\/posts\/74713\/revisions"}],"predecessor-version":[{"id":74714,"href":"https:\/\/zonaroja.com.mx\/index.php?rest_route=\/wp\/v2\/posts\/74713\/revisions\/74714"}],"wp:featuredmedia":[{"embeddable":true,"href":"https:\/\/zonaroja.com.mx\/index.php?rest_route=\/wp\/v2\/media\/67897"}],"wp:attachment":[{"href":"https:\/\/zonaroja.com.mx\/index.php?rest_route=%2Fwp%2Fv2%2Fmedia&parent=74713"}],"wp:term":[{"taxonomy":"category","embeddable":true,"href":"https:\/\/zonaroja.com.mx\/index.php?rest_route=%2Fwp%2Fv2%2Fcategories&post=74713"},{"taxonomy":"post_tag","embeddable":true,"href":"https:\/\/zonaroja.com.mx\/index.php?rest_route=%2Fwp%2Fv2%2Ftags&post=74713"}],"curies":[{"name":"wp","href":"https:\/\/api.w.org\/{rel}","templated":true}]}}