{"id":74715,"date":"2024-11-21T13:29:00","date_gmt":"2024-11-21T19:29:00","guid":{"rendered":"https:\/\/zonaroja.com.mx\/?p=74715"},"modified":"2024-11-21T08:32:44","modified_gmt":"2024-11-21T14:32:44","slug":"va-al-fracaso-eleccion-popular-de-jueces-y-magistrados","status":"publish","type":"post","link":"https:\/\/zonaroja.com.mx\/?p=74715","title":{"rendered":"\u00bfVa al fracaso elecci\u00f3n \u201cpopular\u201d de jueces y magistrados?"},"content":{"rendered":"\n<p>Redacci\u00f3n\/Zona Roja Cdmx.<\/p>\n\n\n\n<p>Ciudad de M\u00e9xico, a 21 de noviembre de 2024.- A unos d\u00edas de que cierre la convocatoria para inscribirse a la elecci\u00f3n de jueces, ministros y magistrados, las autoridades han reconocido que a\u00fan no cubren los registros necesarios.<\/p>\n\n\n\n<p>La fecha de cierre de la convocatoria para la elecci\u00f3n de jueces, magistrados y ministros se acerca; sin embargo, a\u00fan existe una baja participaci\u00f3n, pues hasta el momento solo se han registrado poco m\u00e1s de cuatro mil aspirantes.<\/p>\n\n\n\n<p>De acuerdo con Arturo Zald\u00edvar, integrante del Comit\u00e9 Evaluador del Poder Ejecutivo, cada uno de los tres comit\u00e9s encargados del registro y an\u00e1lisis de las candidaturas debe juntar 5 mil 410 registros para formar las listas de los candidatos al proceso.<\/p>\n\n\n\n<p>En entrevista con Azucena Uresti, Maday Merino Dami\u00e1n, integrante del Comit\u00e9 Evaluador del Poder Legislativo, asegur\u00f3 que llevan 3 mil 500 participantes registrados con corte al martes 19 de noviembre. Se\u00f1al\u00f3 que era un buen rango para el momento en el que se encuentra el proceso.<\/p>\n\n\n\n<p>Pero indic\u00f3 que quienes ya finalizaron el registro ser\u00edan alrededor de 800 personas, aunque est\u00e1n en proceso de revisi\u00f3n.<\/p>\n\n\n\n<p>La convocatoria cierra en cuatro d\u00edas, es decir, el domingo 24. Y este ser\u00eda el Comit\u00e9 con mayor ventaja, ya que en el conformado por el Poder Ejecutivo solo hay mil registros, seg\u00fan dio a conocer Arturo Zald\u00edvar, quien es parte del organismo.<\/p>\n\n\n\n<p>Debido al n\u00famero, insisti\u00f3 en la invitaci\u00f3n para que las personas interesadas se registren y se dijo esperanzado que en estos d\u00edas aumente la cantidad.<\/p>\n\n\n\n<p>\u201cEn estos d\u00edas va a empezar a incrementarse con mucha intensidad las inscripciones y registros\u201d.<\/p>\n\n\n\n<p>Por otro lado, el que no ha tenido m\u00e1s actualizaciones es el del Poder Judicial, pues hasta el momento solo hay 135 registros en el Comit\u00e9 Evaluador. De este modo, entre los tres, apenas juntan 4 mil 635 personas registradas.<\/p>\n\n\n\n<p>Posterior a que se tengan los listados, se har\u00e1 el proceso de insaculaci\u00f3n que terminar\u00e1 formando una lista de mil 793 aspirantes, la cual ser\u00e1 entregada al Senado.<\/p>\n\n\n\n<p>(Informaci\u00f3n de Pol\u00edtico.Mx)<\/p>\n","protected":false},"excerpt":{"rendered":"<p>Redacci\u00f3n\/Zona Roja Cdmx. Ciudad de M\u00e9xico, a 21 de noviembre de 2024.- A unos d\u00edas&hellip;<\/p>\n","protected":false},"author":2,"featured_media":74716,"comment_status":"closed","ping_status":"open","sticky":false,"template":"","format":"standard","meta":{"_lmt_disableupdate":"","_lmt_disable":"","_jetpack_memberships_contains_paid_content":false,"footnotes":""},"categories":[109,47],"tags":[3707],"class_list":["post-74715","post","type-post","status-publish","format-standard","has-post-thumbnail","hentry","category-minuto-a-minuto","category-zona-gris","tag-poder-judicial-de-la-federacion"],"jetpack_featured_media_url":"https:\/\/zonaroja.com.mx\/wp-content\/uploads\/2024\/11\/Voto-popular-poder-judicial-de-la-federacion.jpg","jetpack_sharing_enabled":true,"_links":{"self":[{"href":"https:\/\/zonaroja.com.mx\/index.php?rest_route=\/wp\/v2\/posts\/74715","targetHints":{"allow":["GET"]}}],"collection":[{"href":"https:\/\/zonaroja.com.mx\/index.php?rest_route=\/wp\/v2\/posts"}],"about":[{"href":"https:\/\/zonaroja.com.mx\/index.php?rest_route=\/wp\/v2\/types\/post"}],"author":[{"embeddable":true,"href":"https:\/\/zonaroja.com.mx\/index.php?rest_route=\/wp\/v2\/users\/2"}],"replies":[{"embeddable":true,"href":"https:\/\/zonaroja.com.mx\/index.php?rest_route=%2Fwp%2Fv2%2Fcomments&post=74715"}],"version-history":[{"count":1,"href":"https:\/\/zonaroja.com.mx\/index.php?rest_route=\/wp\/v2\/posts\/74715\/revisions"}],"predecessor-version":[{"id":74717,"href":"https:\/\/zonaroja.com.mx\/index.php?rest_route=\/wp\/v2\/posts\/74715\/revisions\/74717"}],"wp:featuredmedia":[{"embeddable":true,"href":"https:\/\/zonaroja.com.mx\/index.php?rest_route=\/wp\/v2\/media\/74716"}],"wp:attachment":[{"href":"https:\/\/zonaroja.com.mx\/index.php?rest_route=%2Fwp%2Fv2%2Fmedia&parent=74715"}],"wp:term":[{"taxonomy":"category","embeddable":true,"href":"https:\/\/zonaroja.com.mx\/index.php?rest_route=%2Fwp%2Fv2%2Fcategories&post=74715"},{"taxonomy":"post_tag","embeddable":true,"href":"https:\/\/zonaroja.com.mx\/index.php?rest_route=%2Fwp%2Fv2%2Ftags&post=74715"}],"curies":[{"name":"wp","href":"https:\/\/api.w.org\/{rel}","templated":true}]}}