{"id":7472,"date":"2020-01-09T09:31:16","date_gmt":"2020-01-09T15:31:16","guid":{"rendered":"http:\/\/www.zonaroja.com.mx\/?p=7472"},"modified":"2020-01-09T09:31:19","modified_gmt":"2020-01-09T15:31:19","slug":"oaxaca-la-tercera-entidad-con-mas-territorio-siniestrado-por-incendios","status":"publish","type":"post","link":"https:\/\/zonaroja.com.mx\/?p=7472","title":{"rendered":"Oaxaca, la tercera entidad con m\u00e1s territorio siniestrado por incendios"},"content":{"rendered":"\n<p>Yuridiana Sosa\/Zona Roja.<\/p>\n\n\n\n<p>Oaxaca de Ju\u00e1rez, Oax., 9 de enero de\n2020.- Durante el a\u00f1o 2019, en el territorio oaxaque\u00f1o ocurrieron 251 incendios\nforestales que provocaron una afectaci\u00f3n de 57 mil 434 hect\u00e1reas, situaci\u00f3n que\ncoloc\u00f3 a Oaxaca como la tercera entidad mexicana con m\u00e1s superficie da\u00f1ada,\nreport\u00f3 la Comisi\u00f3n Estatal Forestal (Coesfo).<\/p>\n\n\n\n<p>El Centro Estatal de Control de Incendios\nForestales de la dependencia, indic\u00f3 que en el conteo otorgado por la Comisi\u00f3n\nNacional Forestal (Conafor), correspondiente del 1 de enero al 26 de diciembre\nde 2019, Oaxaca se posicion\u00f3 como la onceava entidad con m\u00e1s n\u00famero de incendio\nforestales, al superar los 250 siniestros.<\/p>\n\n\n\n<p>Pero a nivel estatal la COESFO cuenta\ncon un cierre estad\u00edstico de 306 incendios forestales, debido a los siniestros\nreportados por autoridades municipales. Como fue el caso de 34 hechos atendidos\npor autoridades comunales, y por las que se registraron afectaciones en 13 mil\n444 hect\u00e1reas, entre otros casos, en los que finalmente los da\u00f1os fueron\nmenores o no existieron.<\/p>\n\n\n\n<p>Las cifras del 2019 superan los\nsiniestros ocurridos durante el 2018, cuando el Centro Estatal de Control de\nIncendios Forestales enlist\u00f3 168 hechos, con un total de 19 mil 513.52\nhect\u00e1reas afectadas.<\/p>\n\n\n\n<p>El a\u00f1o anterior la regi\u00f3n de la\nMixteca de Oaxaca fue la zona con la mayor cantidad de \u00e1rea da\u00f1ada, con un\ntotal de siete mil 363.60 hect\u00e1reas, seguido de la Sierra Sur, con m\u00e1s de\ncuatro mil 666; en la Costa se afectaron tres mil 961 hect\u00e1reas y en la Mixteca\ndos mil 586 hect\u00e1reas. En Valles Centrales 666 hect\u00e1reas; Ca\u00f1ada 140 y Sierra\nNorte 130 hect\u00e1reas.&nbsp; <\/p>\n","protected":false},"excerpt":{"rendered":"<p>Yuridiana Sosa\/Zona Roja. Oaxaca de Ju\u00e1rez, Oax., 9 de enero de 2020.- Durante el a\u00f1o&hellip;<\/p>\n","protected":false},"author":2,"featured_media":7473,"comment_status":"closed","ping_status":"open","sticky":false,"template":"","format":"standard","meta":{"_lmt_disableupdate":"","_lmt_disable":"","_jetpack_memberships_contains_paid_content":false,"footnotes":""},"categories":[109,47],"tags":[1255,1256],"class_list":["post-7472","post","type-post","status-publish","format-standard","has-post-thumbnail","hentry","category-minuto-a-minuto","category-zona-gris","tag-comision-estatal-forestal-de-oaxaca","tag-incendios-forestales-oaxaca"],"jetpack_featured_media_url":"https:\/\/zonaroja.com.mx\/wp-content\/uploads\/2020\/01\/incendios.jpg","jetpack_sharing_enabled":true,"_links":{"self":[{"href":"https:\/\/zonaroja.com.mx\/index.php?rest_route=\/wp\/v2\/posts\/7472","targetHints":{"allow":["GET"]}}],"collection":[{"href":"https:\/\/zonaroja.com.mx\/index.php?rest_route=\/wp\/v2\/posts"}],"about":[{"href":"https:\/\/zonaroja.com.mx\/index.php?rest_route=\/wp\/v2\/types\/post"}],"author":[{"embeddable":true,"href":"https:\/\/zonaroja.com.mx\/index.php?rest_route=\/wp\/v2\/users\/2"}],"replies":[{"embeddable":true,"href":"https:\/\/zonaroja.com.mx\/index.php?rest_route=%2Fwp%2Fv2%2Fcomments&post=7472"}],"version-history":[{"count":1,"href":"https:\/\/zonaroja.com.mx\/index.php?rest_route=\/wp\/v2\/posts\/7472\/revisions"}],"predecessor-version":[{"id":7474,"href":"https:\/\/zonaroja.com.mx\/index.php?rest_route=\/wp\/v2\/posts\/7472\/revisions\/7474"}],"wp:featuredmedia":[{"embeddable":true,"href":"https:\/\/zonaroja.com.mx\/index.php?rest_route=\/wp\/v2\/media\/7473"}],"wp:attachment":[{"href":"https:\/\/zonaroja.com.mx\/index.php?rest_route=%2Fwp%2Fv2%2Fmedia&parent=7472"}],"wp:term":[{"taxonomy":"category","embeddable":true,"href":"https:\/\/zonaroja.com.mx\/index.php?rest_route=%2Fwp%2Fv2%2Fcategories&post=7472"},{"taxonomy":"post_tag","embeddable":true,"href":"https:\/\/zonaroja.com.mx\/index.php?rest_route=%2Fwp%2Fv2%2Ftags&post=7472"}],"curies":[{"name":"wp","href":"https:\/\/api.w.org\/{rel}","templated":true}]}}