{"id":74721,"date":"2024-11-21T19:14:13","date_gmt":"2024-11-22T01:14:13","guid":{"rendered":"https:\/\/zonaroja.com.mx\/?p=74721"},"modified":"2024-11-21T19:14:15","modified_gmt":"2024-11-22T01:14:15","slug":"rescata-fiscalia-en-juchitan-a-174-migrantes-y-detiene-a-cuatro-personas","status":"publish","type":"post","link":"https:\/\/zonaroja.com.mx\/?p=74721","title":{"rendered":"Rescata Fiscal\u00eda en Juchit\u00e1n a 174 migrantes y detiene a cuatro personas\u00a0"},"content":{"rendered":"\n<p>Redacci\u00f3n\/Zona Roja.<\/p>\n\n\n\n<p>Oaxaca de Ju\u00e1rez, Oax., a 21 de noviembre de 2024.- Gracias a los trabajos ministeriales efectuados por la Fiscal\u00eda General del Estado de Oaxaca (FGEO) y derivado de cinco acciones simult\u00e1neas en las que particip\u00f3 la Agencia Estatal de Investigaciones (AEI), la Secretar\u00eda de la Defensa Nacional (Sedena), la Guardia Nacional (GN), Polic\u00eda Estatal y la Polic\u00eda Vial, se logr\u00f3 el rescate humanitario de 174 personas migrantes de distintas nacionalidades, hechos ocurridos en el municipio de Juchit\u00e1n de Zaragoza, as\u00ed como la detenci\u00f3n de cuatro personas.<\/p>\n\n\n\n<p>La acci\u00f3n conjunta se ejecut\u00f3 el 20 de noviembre de 2024, de manera coordinada con fuerzas de los tres \u00f3rdenes de gobierno, lo que permiti\u00f3 el rescate humanitario de 174 personas migrantes (entre ellos, 41 menores de edad) de los cuales, 75 son de origen venezolano, 7 de Rep\u00fablica Dominicana, 8 del Salvador, 17 de Colombia, 1 de Bolivia, 26 de Honduras, 9 de Cuba, 1 de Nicaragua, 1 Per\u00fa, 23 de Ecuador, 5 de Guatemala y 1 de Brasil, algunas de ellas se encontraban privadas de su libertad.<\/p>\n\n\n\n<p>Asimismo, se logr\u00f3 la detenci\u00f3n de cuatro personas, quienes fueron puestas a disposici\u00f3n de la autoridad competente.<\/p>\n\n\n\n<p>Tras esta acci\u00f3n interinstitucional, se solicit\u00f3 el apoyo del Instituto Nacional de Migraci\u00f3n para el traslado, resguardo y para la valoraci\u00f3n m\u00e9dica de las personas migrantes, a fin de determinar su estado de salud.<\/p>\n\n\n\n<p>La Fiscal\u00eda General del Estado de Oaxaca trabaja coordinadamente con instituciones estatales y federales con el objetivo de potenciar la efectividad de las acciones que se realizan para brindar a la sociedad oaxaque\u00f1a mejores resultados en materia de procuraci\u00f3n de justicia.<\/p>\n","protected":false},"excerpt":{"rendered":"<p>Redacci\u00f3n\/Zona Roja. Oaxaca de Ju\u00e1rez, Oax., a 21 de noviembre de 2024.- Gracias a los&hellip;<\/p>\n","protected":false},"author":2,"featured_media":74722,"comment_status":"closed","ping_status":"open","sticky":false,"template":"","format":"standard","meta":{"_lmt_disableupdate":"","_lmt_disable":"","_jetpack_memberships_contains_paid_content":false,"footnotes":""},"categories":[109,46],"tags":[494],"class_list":["post-74721","post","type-post","status-publish","format-standard","has-post-thumbnail","hentry","category-minuto-a-minuto","category-zona-blanca","tag-fiscalia-general-del-estado-de-oaxaca"],"jetpack_featured_media_url":"https:\/\/zonaroja.com.mx\/wp-content\/uploads\/2024\/11\/Rescate-de-migrantes-Juchitan.jpg","jetpack_sharing_enabled":true,"_links":{"self":[{"href":"https:\/\/zonaroja.com.mx\/index.php?rest_route=\/wp\/v2\/posts\/74721","targetHints":{"allow":["GET"]}}],"collection":[{"href":"https:\/\/zonaroja.com.mx\/index.php?rest_route=\/wp\/v2\/posts"}],"about":[{"href":"https:\/\/zonaroja.com.mx\/index.php?rest_route=\/wp\/v2\/types\/post"}],"author":[{"embeddable":true,"href":"https:\/\/zonaroja.com.mx\/index.php?rest_route=\/wp\/v2\/users\/2"}],"replies":[{"embeddable":true,"href":"https:\/\/zonaroja.com.mx\/index.php?rest_route=%2Fwp%2Fv2%2Fcomments&post=74721"}],"version-history":[{"count":1,"href":"https:\/\/zonaroja.com.mx\/index.php?rest_route=\/wp\/v2\/posts\/74721\/revisions"}],"predecessor-version":[{"id":74723,"href":"https:\/\/zonaroja.com.mx\/index.php?rest_route=\/wp\/v2\/posts\/74721\/revisions\/74723"}],"wp:featuredmedia":[{"embeddable":true,"href":"https:\/\/zonaroja.com.mx\/index.php?rest_route=\/wp\/v2\/media\/74722"}],"wp:attachment":[{"href":"https:\/\/zonaroja.com.mx\/index.php?rest_route=%2Fwp%2Fv2%2Fmedia&parent=74721"}],"wp:term":[{"taxonomy":"category","embeddable":true,"href":"https:\/\/zonaroja.com.mx\/index.php?rest_route=%2Fwp%2Fv2%2Fcategories&post=74721"},{"taxonomy":"post_tag","embeddable":true,"href":"https:\/\/zonaroja.com.mx\/index.php?rest_route=%2Fwp%2Fv2%2Ftags&post=74721"}],"curies":[{"name":"wp","href":"https:\/\/api.w.org\/{rel}","templated":true}]}}