{"id":74724,"date":"2024-11-21T19:15:08","date_gmt":"2024-11-22T01:15:08","guid":{"rendered":"https:\/\/zonaroja.com.mx\/?p=74724"},"modified":"2024-11-21T19:15:10","modified_gmt":"2024-11-22T01:15:10","slug":"mueren-menor-de-edad-y-un-adulto-por-enfrentamiento-en-chiapas","status":"publish","type":"post","link":"https:\/\/zonaroja.com.mx\/?p=74724","title":{"rendered":"Mueren menor de edad y un adulto, por enfrentamiento en Chiapas"},"content":{"rendered":"\n<p>Redacci\u00f3n\/Zona Roja Cdmx.<\/p>\n\n\n\n<p>Ciudad de M\u00e9xico, a 21 de noviembre de 2024.- Una balacera entre hombres armados y polic\u00edas dej\u00f3 saldo de, al menos, dos personas muertas quienes eran ajenas al enfrentamiento en Tuxtla Guti\u00e9rrez, Chiapas.<\/p>\n\n\n\n<p>El enfrentamiento armado se registr\u00f3 alrededor de las 21:20 horas de este mi\u00e9rcoles 20 de noviembre enfrente de las instalaciones de la Universidad Aut\u00f3noma de Chiapas (UNACH), al poniente de Tuxtla Guti\u00e9rrez.<\/p>\n\n\n\n<p>La balacera provoc\u00f3 momentos de tensi\u00f3n y caos entre los clientes de los establecimientos cercanos al lugar de los hechos.<\/p>\n\n\n\n<p>La balacera en Tuxtla Guti\u00e9rrez fue protagonizada por hombres fuertemente armados a bordo de una camioneta roja, quienes habr\u00edan tratado de asesinar a elementos de seguridad estatal, quienes respondieron la agresi\u00f3n.<\/p>\n\n\n\n<p>Sin embargo, las balas perdidas del enfrentamiento impactaron en algunas personas que transitaban en la zona, de las cuales dos murieron a causa de las lesiones: una menor de 16 a\u00f1os de edad que viajaba en una combi de la ruta A-45 y un hombre, que se encontraba en calidad de desconocido y que termin\u00f3 tirado sobre la cinta asf\u00e1ltica.<\/p>\n\n\n\n<p>Otro hombre, quien conduc\u00eda el veh\u00edculo tipo Ram de color rojo en el que viajaban los hombres armados, tambi\u00e9n result\u00f3 lesionado.<\/p>\n\n\n\n<p>De manera extraoficial, fueron reportadas cerca de 10 personas m\u00e1s lesionadas en la zona, principalmente transe\u00fantes que estaban en el lugar en el momento del ataque, pero ello no fue confirmado por las autoridades.<\/p>\n\n\n\n<p>La Fiscal\u00eda General del Estado inform\u00f3 que inici\u00f3 las investigaciones en contra los responsables por los delitos de homicidio y lesiones por arma de fuego, en Tuxtla Guti\u00e9rrez, Chiapas.<\/p>\n\n\n\n<p>En un comunicado inform\u00f3 que elementos de la Polic\u00eda de Investigaci\u00f3n, as\u00ed como personal de Servicios Periciales, confirmaron la muerte de la menor de edad y un hombre, adem\u00e1s de un lesionado m\u00e1s \u2015el conductor de la camioneta roja en la que presuntamente viajaban hombres armados.<\/p>\n\n\n\n<p>Sin embargo, la fiscal\u00eda estatal no mencion\u00f3 sobre otros civiles heridos.<\/p>\n\n\n\n<p>Los cuerpos sin vida fueron trasladados al Servicio M\u00e9dico Forense para la necropsia de ley.<\/p>\n\n\n\n<p>(Informaci\u00f3n de SDP Noticias)<\/p>\n","protected":false},"excerpt":{"rendered":"<p>Redacci\u00f3n\/Zona Roja Cdmx. Ciudad de M\u00e9xico, a 21 de noviembre de 2024.- Una balacera entre&hellip;<\/p>\n","protected":false},"author":2,"featured_media":74725,"comment_status":"closed","ping_status":"open","sticky":false,"template":"","format":"standard","meta":{"_lmt_disableupdate":"","_lmt_disable":"","_jetpack_memberships_contains_paid_content":false,"footnotes":""},"categories":[109,51],"tags":[3686],"class_list":["post-74724","post","type-post","status-publish","format-standard","has-post-thumbnail","hentry","category-minuto-a-minuto","category-zona-roja","tag-crimen-organizado-en-chiapas"],"jetpack_featured_media_url":"https:\/\/zonaroja.com.mx\/wp-content\/uploads\/2024\/11\/Menor-muere-enfrentamoento-Chiapas.jpeg","jetpack_sharing_enabled":true,"_links":{"self":[{"href":"https:\/\/zonaroja.com.mx\/index.php?rest_route=\/wp\/v2\/posts\/74724","targetHints":{"allow":["GET"]}}],"collection":[{"href":"https:\/\/zonaroja.com.mx\/index.php?rest_route=\/wp\/v2\/posts"}],"about":[{"href":"https:\/\/zonaroja.com.mx\/index.php?rest_route=\/wp\/v2\/types\/post"}],"author":[{"embeddable":true,"href":"https:\/\/zonaroja.com.mx\/index.php?rest_route=\/wp\/v2\/users\/2"}],"replies":[{"embeddable":true,"href":"https:\/\/zonaroja.com.mx\/index.php?rest_route=%2Fwp%2Fv2%2Fcomments&post=74724"}],"version-history":[{"count":1,"href":"https:\/\/zonaroja.com.mx\/index.php?rest_route=\/wp\/v2\/posts\/74724\/revisions"}],"predecessor-version":[{"id":74726,"href":"https:\/\/zonaroja.com.mx\/index.php?rest_route=\/wp\/v2\/posts\/74724\/revisions\/74726"}],"wp:featuredmedia":[{"embeddable":true,"href":"https:\/\/zonaroja.com.mx\/index.php?rest_route=\/wp\/v2\/media\/74725"}],"wp:attachment":[{"href":"https:\/\/zonaroja.com.mx\/index.php?rest_route=%2Fwp%2Fv2%2Fmedia&parent=74724"}],"wp:term":[{"taxonomy":"category","embeddable":true,"href":"https:\/\/zonaroja.com.mx\/index.php?rest_route=%2Fwp%2Fv2%2Fcategories&post=74724"},{"taxonomy":"post_tag","embeddable":true,"href":"https:\/\/zonaroja.com.mx\/index.php?rest_route=%2Fwp%2Fv2%2Ftags&post=74724"}],"curies":[{"name":"wp","href":"https:\/\/api.w.org\/{rel}","templated":true}]}}