{"id":74733,"date":"2024-11-22T08:15:00","date_gmt":"2024-11-22T14:15:00","guid":{"rendered":"https:\/\/zonaroja.com.mx\/?p=74733"},"modified":"2024-11-22T06:54:09","modified_gmt":"2024-11-22T12:54:09","slug":"rehabilitan-bosque-el-tequio-de-oaxaca-destinan-50-mdp","status":"publish","type":"post","link":"https:\/\/zonaroja.com.mx\/?p=74733","title":{"rendered":"Rehabilitan bosque \u201cEl Tequio\u201d de Oaxaca; destinan 50 mdp"},"content":{"rendered":"\n<p>Redacci\u00f3n\/Zona Roja.<\/p>\n\n\n\n<p>Oaxaca de Ju\u00e1rez, Oax., a 22 de noviembre de 2024.- Con una inversi\u00f3n superior a los 50 millones de pesos, fueron concluidas las obras de rehabilitaci\u00f3n del bosque \u201cEl Tequio\u201d, ubicado en el municipio de Santa Cruz Xoxocotl\u00e1n, al sur de la capital.<\/p>\n\n\n\n<p>Los trabajos fueron inaugurados este jueves por el gobernador Salom\u00f3n Jara Cruz, quien expuso que la premisa de su administraci\u00f3n es dignificar y embellecer los espacios p\u00fablicos en beneficio de la poblaci\u00f3n oaxaque\u00f1a.<\/p>\n\n\n\n<p>Previo al corte del list\u00f3n inaugural y en compa\u00f1\u00eda de la presidenta honoraria del Sistema para el Desarrollo Integral de la Familia (DIF) Oaxaca, Irma Bola\u00f1os Quijano, el mandatario estatal se\u00f1al\u00f3 que desde el a\u00f1o 1991 este espacio emblem\u00e1tico y pulm\u00f3n verde de la capital oaxaque\u00f1a y la zona metropolitana, no recib\u00eda una atenci\u00f3n profunda.&nbsp;<\/p>\n\n\n\n<p>\u201cEstamos mejorando la calidad de vida de nuestros pueblos. A dos a\u00f1os de administraci\u00f3n, cumplimos con Oaxaca a trav\u00e9s de obras estrat\u00e9gicas que fortalecen el tejido social y fomentan el esparcimiento familiar, la salud y la pr\u00e1ctica deportiva\u201d, expres\u00f3.<\/p>\n\n\n\n<p>Dentro de los trabajos realizados, explic\u00f3 que se intervino el acceso principal para evitar encharcamientos por las lluvias, se construy\u00f3 un estacionamiento, una plazuela y banquetas.&nbsp;<\/p>\n\n\n\n<p>Adem\u00e1s, se instalaron se\u00f1al\u00e9ticas, se sembraron \u00e1rboles y arbustos, los sanitarios se remodelaron, se mejor\u00f3 el espacio de servicio y comercio, as\u00ed como se rehabilitaron cinco kil\u00f3metros de trotapista.<\/p>\n\n\n\n<p>El titular del Poder Ejecutivo destac\u00f3 que se edific\u00f3 una reja que muestra dise\u00f1os de la biodiversidad oaxaque\u00f1a, como chapulines, chicatanas, mariposas y el mezquite, \u00e1rbol ic\u00f3nico de la entidad. Asimismo, se instalar\u00e1 internet y c\u00e1maras de seguridad, que brindar\u00e1n mayor comodidad a quienes acudan a este espacio.&nbsp;<\/p>\n\n\n\n<p>Por su parte, el titular de la Secretar\u00eda de Administraci\u00f3n, Noel Hern\u00e1ndez Rito, resalt\u00f3 que, con esta remodelaci\u00f3n, no solo se embellece el bosque, sino tambi\u00e9n, se apuesta por la inclusi\u00f3n, ya que se crearon accesos y \u00e1reas adaptadas para personas con discapacidad.&nbsp;<\/p>\n\n\n\n<p>Asimismo, invit\u00f3 a las familias y deportistas a hacer uso de las instalaciones renovadas de lunes a domingo en un horario de 06:00 a 18:00 horas.\u00a0<\/p>\n\n\n\n<figure class=\"wp-block-embed is-type-rich is-provider-twitter wp-block-embed-twitter\"><div class=\"wp-block-embed__wrapper\">\n<div class=\"twitter-tweet\"><blockquote class=\"twitter-tweet\" data-lang=\"es\"><p lang=\"es\" dir=\"ltr\">Con una inversi\u00f3n de 50 millones de pesos fue rehabilitada un \u00e1rea del bosque \u201cEl Tequio\u201d, en jurisdicci\u00f3n de Santa Cruz Xoxocotl\u00e1n.<br>El gobernador de Oaxaca, <a href=\"https:\/\/twitter.com\/salomonj?ref_src=twsrc%5Etfw\">@salomonj<\/a>, inaugur\u00f3 esta ma\u00f1ana los trabajos. <a href=\"https:\/\/t.co\/apX8wJcOwD\">pic.twitter.com\/apX8wJcOwD<\/a><\/p>&mdash; Zona Roja Oaxaca (@ZonaRoja_Oaxaca) <a href=\"https:\/\/twitter.com\/ZonaRoja_Oaxaca\/status\/1859776609169047872?ref_src=twsrc%5Etfw\">22 de noviembre de 2024<\/a><\/blockquote><\/div>\n<\/div><\/figure>\n","protected":false},"excerpt":{"rendered":"<p>Redacci\u00f3n\/Zona Roja. Oaxaca de Ju\u00e1rez, Oax., a 22 de noviembre de 2024.- Con una inversi\u00f3n&hellip;<\/p>\n","protected":false},"author":2,"featured_media":74734,"comment_status":"closed","ping_status":"open","sticky":false,"template":"","format":"standard","meta":{"_lmt_disableupdate":"","_lmt_disable":"","_jetpack_memberships_contains_paid_content":false,"footnotes":""},"categories":[109,46],"tags":[939],"class_list":["post-74733","post","type-post","status-publish","format-standard","has-post-thumbnail","hentry","category-minuto-a-minuto","category-zona-blanca","tag-salomon-jara-cruz"],"jetpack_featured_media_url":"https:\/\/zonaroja.com.mx\/wp-content\/uploads\/2024\/11\/Bosque-El-Tequio-inaugurcion.jpeg","jetpack_sharing_enabled":true,"_links":{"self":[{"href":"https:\/\/zonaroja.com.mx\/index.php?rest_route=\/wp\/v2\/posts\/74733","targetHints":{"allow":["GET"]}}],"collection":[{"href":"https:\/\/zonaroja.com.mx\/index.php?rest_route=\/wp\/v2\/posts"}],"about":[{"href":"https:\/\/zonaroja.com.mx\/index.php?rest_route=\/wp\/v2\/types\/post"}],"author":[{"embeddable":true,"href":"https:\/\/zonaroja.com.mx\/index.php?rest_route=\/wp\/v2\/users\/2"}],"replies":[{"embeddable":true,"href":"https:\/\/zonaroja.com.mx\/index.php?rest_route=%2Fwp%2Fv2%2Fcomments&post=74733"}],"version-history":[{"count":1,"href":"https:\/\/zonaroja.com.mx\/index.php?rest_route=\/wp\/v2\/posts\/74733\/revisions"}],"predecessor-version":[{"id":74735,"href":"https:\/\/zonaroja.com.mx\/index.php?rest_route=\/wp\/v2\/posts\/74733\/revisions\/74735"}],"wp:featuredmedia":[{"embeddable":true,"href":"https:\/\/zonaroja.com.mx\/index.php?rest_route=\/wp\/v2\/media\/74734"}],"wp:attachment":[{"href":"https:\/\/zonaroja.com.mx\/index.php?rest_route=%2Fwp%2Fv2%2Fmedia&parent=74733"}],"wp:term":[{"taxonomy":"category","embeddable":true,"href":"https:\/\/zonaroja.com.mx\/index.php?rest_route=%2Fwp%2Fv2%2Fcategories&post=74733"},{"taxonomy":"post_tag","embeddable":true,"href":"https:\/\/zonaroja.com.mx\/index.php?rest_route=%2Fwp%2Fv2%2Ftags&post=74733"}],"curies":[{"name":"wp","href":"https:\/\/api.w.org\/{rel}","templated":true}]}}