{"id":74738,"date":"2024-11-22T10:00:00","date_gmt":"2024-11-22T16:00:00","guid":{"rendered":"https:\/\/zonaroja.com.mx\/?p=74738"},"modified":"2024-11-22T07:55:30","modified_gmt":"2024-11-22T13:55:30","slug":"revientan-asamblea-de-delegados-de-burocratas-por-irregularidades","status":"publish","type":"post","link":"https:\/\/zonaroja.com.mx\/?p=74738","title":{"rendered":"Revientan asamblea de delegados de bur\u00f3cratas, por irregularidades\u00a0"},"content":{"rendered":"\n<p>Raymundo Morales\/Zona Roja.<\/p>\n\n\n\n<p>Oaxaca de Ju\u00e1rez, Oax., a 22 de noviembre de 2024.- Por una serie de irregularidades en la convocatoria y el orden del d\u00eda, delegados del Sindicato de Trabajadores al Servicio de los Poderes e Instituciones Descentralizadas de Car\u00e1cter Estatal de Oaxaca (STPEIDCO) reprocharon la sesi\u00f3n a modo a la dirigencia sindical.<\/p>\n\n\n\n<p>\u201c\u00a1Que se cuente! \u00a1Que se cuente! \u00a1Que se cuente! \u00a1Que se cuente!\u201d. \u201cLo \u00fanico que se est\u00e1 pidiendo es que se cuenten los votos, a qu\u00e9 le tienen miedo!\u201d, fueron parte de los gritos y reclamos en contra del secretario general del gremio de bur\u00f3cratas, Pedro Castillejos Villalobos.<\/p>\n\n\n\n<p>La exigencia fue porque el comit\u00e9 ejecutivo pretend\u00eda imponer una comisi\u00f3n y reglamento a modo para dar inicio al proceso de renovaci\u00f3n del comit\u00e9 ejecutivo.<\/p>\n\n\n\n<p>\u201c!Pedro, escucha, la base est\u00e1 en su lucha! !Pedro, escucha, la base est\u00e1 en su lucha! !Pedro, escucha, la base est\u00e1 en su lucha!\u201d, insist\u00edan los delegados sindicales, ante lo cual Castillejos Villalobos decidi\u00f3 suspender la asamblea, lo que irrit\u00f3 m\u00e1s a los trabajadores, que este d\u00eda prev\u00e9n realizar movilizaciones.<\/p>\n\n\n\n<p>La reuni\u00f3n extraordinaria fue citada ayer a las 17:00 horas en el edificio sindical, ubicado en el fraccionamiento Villa de Antequera, al norte de la ciudad de Oaxaca.<\/p>\n\n\n\n<p>Sin embargo, paulatinamente fue subiendo de tono la irritaci\u00f3n de los delegados ante una serie de irregularidades por parte del comit\u00e9 ejecutivo, que dirige Pedro Castillejos, para intentar imponer una dirigencia a modo.<\/p>\n\n\n\n<p>La elecci\u00f3n ser\u00e1 en la primera semana de diciembre; sin embargo, la fecha podr\u00eda posponerse ante m\u00faltiples inconformidades.<\/p>\n","protected":false},"excerpt":{"rendered":"<p>Raymundo Morales\/Zona Roja. Oaxaca de Ju\u00e1rez, Oax., a 22 de noviembre de 2024.- Por una&hellip;<\/p>\n","protected":false},"author":2,"featured_media":74739,"comment_status":"closed","ping_status":"open","sticky":false,"template":"","format":"standard","meta":{"_lmt_disableupdate":"","_lmt_disable":"","_jetpack_memberships_contains_paid_content":false,"footnotes":""},"categories":[109,47],"tags":[972],"class_list":["post-74738","post","type-post","status-publish","format-standard","has-post-thumbnail","hentry","category-minuto-a-minuto","category-zona-gris","tag-stpeidceo"],"jetpack_featured_media_url":"https:\/\/zonaroja.com.mx\/wp-content\/uploads\/2024\/11\/Asamblea-delegados-burocratas.jpg","jetpack_sharing_enabled":true,"_links":{"self":[{"href":"https:\/\/zonaroja.com.mx\/index.php?rest_route=\/wp\/v2\/posts\/74738","targetHints":{"allow":["GET"]}}],"collection":[{"href":"https:\/\/zonaroja.com.mx\/index.php?rest_route=\/wp\/v2\/posts"}],"about":[{"href":"https:\/\/zonaroja.com.mx\/index.php?rest_route=\/wp\/v2\/types\/post"}],"author":[{"embeddable":true,"href":"https:\/\/zonaroja.com.mx\/index.php?rest_route=\/wp\/v2\/users\/2"}],"replies":[{"embeddable":true,"href":"https:\/\/zonaroja.com.mx\/index.php?rest_route=%2Fwp%2Fv2%2Fcomments&post=74738"}],"version-history":[{"count":1,"href":"https:\/\/zonaroja.com.mx\/index.php?rest_route=\/wp\/v2\/posts\/74738\/revisions"}],"predecessor-version":[{"id":74740,"href":"https:\/\/zonaroja.com.mx\/index.php?rest_route=\/wp\/v2\/posts\/74738\/revisions\/74740"}],"wp:featuredmedia":[{"embeddable":true,"href":"https:\/\/zonaroja.com.mx\/index.php?rest_route=\/wp\/v2\/media\/74739"}],"wp:attachment":[{"href":"https:\/\/zonaroja.com.mx\/index.php?rest_route=%2Fwp%2Fv2%2Fmedia&parent=74738"}],"wp:term":[{"taxonomy":"category","embeddable":true,"href":"https:\/\/zonaroja.com.mx\/index.php?rest_route=%2Fwp%2Fv2%2Fcategories&post=74738"},{"taxonomy":"post_tag","embeddable":true,"href":"https:\/\/zonaroja.com.mx\/index.php?rest_route=%2Fwp%2Fv2%2Ftags&post=74738"}],"curies":[{"name":"wp","href":"https:\/\/api.w.org\/{rel}","templated":true}]}}