{"id":74743,"date":"2024-11-22T12:30:00","date_gmt":"2024-11-22T18:30:00","guid":{"rendered":"https:\/\/zonaroja.com.mx\/?p=74743"},"modified":"2024-11-22T08:11:13","modified_gmt":"2024-11-22T14:11:13","slug":"afecta-violencia-psicologica-a-mas-de-la-mitad-de-mujeres-en-mexico","status":"publish","type":"post","link":"https:\/\/zonaroja.com.mx\/?p=74743","title":{"rendered":"Afecta violencia psicol\u00f3gica a m\u00e1s de la mitad de mujeres en M\u00e9xico"},"content":{"rendered":"\n<p>Redacci\u00f3n\/Zona Roja Cdmx.<\/p>\n\n\n\n<p>Ciudad de M\u00e9xico, a 22 de noviembre de 2024.- La violencia psicol\u00f3gica contra las mujeres es una agresi\u00f3n invisibilizada que afecta a m\u00e1s de la mitad de las mujeres en M\u00e9xico y deja secuelas econ\u00f3micas y emocionales a largo plazo, afirmaron este jueves expertas al presentar un estudio organizado por Hispanics in Philanthropy.<\/p>\n\n\n\n<p>La activista Luisa Herze afirm\u00f3 que las consecuencias de este tipo de violencia permanecen por mucho tiempo con efectos desproporcionados, por lo que a las mujeres se les dificulta reponerse.<\/p>\n\n\n\n<p>\u201cLos efectos son devastadores, son tremendos y duran por mucho rato, las consecuencias y efectos son desproporcionados, las mujeres sienten mucho enojo, miedo, desesperanza, ganas de no vivir, depresi\u00f3n\u201d, explic\u00f3 en una conferencia de prensa.<\/p>\n\n\n\n<p>Seg\u00fan la Encuesta Nacional de la Din\u00e1mica de los Hogares en M\u00e9xico, de 2021, 70% de las mujeres de 15 a\u00f1os y m\u00e1s han sufrido alg\u00fan tipo de violencia y la violencia psicol\u00f3gica es la m\u00e1s prevalente en M\u00e9xico entre las mujeres, al presentarse en el 51,6% de la poblaci\u00f3n, seguida de la violencia sexual con 49,7%, que ocurre en la casa y por parte de la pareja.<\/p>\n\n\n\n<p>La violencia psicol\u00f3gica son actos que conllevan a la desvalorizaci\u00f3n y buscan disminuir o eliminar los recursos internos que una persona posee en su vida cotidiana y tienen que ver con actitudes como acoso y acecho, violencia econ\u00f3mica, abuso emocional, aislamiento, infidelidad, celos, mentiras e insultos, abuso f\u00edsico y emocional a hijas e hijos.<\/p>\n\n\n\n<p>Leer tambi\u00e9n: Diputados aprueban en lo particular reforma para desaparecer siete organismos aut\u00f3nomos<\/p>\n\n\n\n<p>Herze se\u00f1al\u00f3 que estas agresiones tambi\u00e9n dejan huellas f\u00edsicas, emocionales y econ\u00f3micas en las mujeres, como trastornos del sue\u00f1o, ideaci\u00f3n suicida, diabetes, fibromialgia, migra\u00f1a, adicciones, ruptura de sus relaciones sociales, problemas econ\u00f3micos y p\u00e9rdida de patrimonio al tener que abandonar su casa y dificultad para conseguir o mantener un trabajo.<\/p>\n\n\n\n<p>La activista present\u00f3 los resultados de la \u2018Investigaci\u00f3n sobre violencia psicol\u00f3gica en M\u00e9xico\u2019 realizado por la asociaci\u00f3n Hispanics in Philanthropy en conjunto con organizaciones civiles de Yucat\u00e1n, Chihuahua, Ciudad de M\u00e9xico, Aguascalientes y Chiapas y que incluy\u00f3 a 35 mujeres sobrevivientes de este tipo de agresi\u00f3n.<\/p>\n\n\n\n<p>Mar\u00eda Azucena Morales, una de las v\u00edctimas, asegur\u00f3 que haber vivido violencia psicol\u00f3gica por parte de su pareja marc\u00f3 su vida y la de sus hijas, pues adem\u00e1s sufri\u00f3 violencia f\u00edsica y dej\u00f3 su casa.<\/p>\n\n\n\n<p>\u201cCuando vives una experiencia as\u00ed, tal vez puedas huir de tu hogar, pero de alguna manera te quedas. Esas acciones no son nada agradables, era como si fueran alfileres que se quedan clavados en tu cuerpo y te congelan, te inmovilizan, pierdes el poder de ti misma dejas de ser una mujer para convertirte en algo que tiene que estar en ese lugar y tiene que seguir\u201d, dijo.<\/p>\n\n\n\n<p>Lydia Cordero, coordinadora de la organizaci\u00f3n Casa Amiga, en Ciudad Ju\u00e1rez, se\u00f1al\u00f3 que cada a\u00f1o atienden hasta 2 mil 500 mujeres al a\u00f1o, de las que 70% refieren haber vivido violencia psicol\u00f3gica.<\/p>\n\n\n\n<p>\u201cEs una violencia que, al no dejar una marca y no tener una muestra visible, es normalizada, es dif\u00edcil de identificar, las mujeres no tan f\u00e1cil lo identifican y adem\u00e1s los efectos son sumamente devastadores y pueden llevar a\u00f1os para transitar a espacios emocionales m\u00e1s sanos\u201d, concluy\u00f3.<\/p>\n\n\n\n<p>(Con informaci\u00f3n de EFE, en L\u00f3pez-D\u00f3riga Digital)<\/p>\n","protected":false},"excerpt":{"rendered":"<p>Redacci\u00f3n\/Zona Roja Cdmx. Ciudad de M\u00e9xico, a 22 de noviembre de 2024.- La violencia psicol\u00f3gica&hellip;<\/p>\n","protected":false},"author":2,"featured_media":68262,"comment_status":"closed","ping_status":"open","sticky":false,"template":"","format":"standard","meta":{"_lmt_disableupdate":"","_lmt_disable":"","_jetpack_memberships_contains_paid_content":false,"footnotes":""},"categories":[109,47],"tags":[],"class_list":["post-74743","post","type-post","status-publish","format-standard","has-post-thumbnail","hentry","category-minuto-a-minuto","category-zona-gris"],"jetpack_featured_media_url":"https:\/\/zonaroja.com.mx\/wp-content\/uploads\/2024\/05\/Agresion-a-mujeres-violencia-mujer.jpeg","jetpack_sharing_enabled":true,"_links":{"self":[{"href":"https:\/\/zonaroja.com.mx\/index.php?rest_route=\/wp\/v2\/posts\/74743","targetHints":{"allow":["GET"]}}],"collection":[{"href":"https:\/\/zonaroja.com.mx\/index.php?rest_route=\/wp\/v2\/posts"}],"about":[{"href":"https:\/\/zonaroja.com.mx\/index.php?rest_route=\/wp\/v2\/types\/post"}],"author":[{"embeddable":true,"href":"https:\/\/zonaroja.com.mx\/index.php?rest_route=\/wp\/v2\/users\/2"}],"replies":[{"embeddable":true,"href":"https:\/\/zonaroja.com.mx\/index.php?rest_route=%2Fwp%2Fv2%2Fcomments&post=74743"}],"version-history":[{"count":1,"href":"https:\/\/zonaroja.com.mx\/index.php?rest_route=\/wp\/v2\/posts\/74743\/revisions"}],"predecessor-version":[{"id":74744,"href":"https:\/\/zonaroja.com.mx\/index.php?rest_route=\/wp\/v2\/posts\/74743\/revisions\/74744"}],"wp:featuredmedia":[{"embeddable":true,"href":"https:\/\/zonaroja.com.mx\/index.php?rest_route=\/wp\/v2\/media\/68262"}],"wp:attachment":[{"href":"https:\/\/zonaroja.com.mx\/index.php?rest_route=%2Fwp%2Fv2%2Fmedia&parent=74743"}],"wp:term":[{"taxonomy":"category","embeddable":true,"href":"https:\/\/zonaroja.com.mx\/index.php?rest_route=%2Fwp%2Fv2%2Fcategories&post=74743"},{"taxonomy":"post_tag","embeddable":true,"href":"https:\/\/zonaroja.com.mx\/index.php?rest_route=%2Fwp%2Fv2%2Ftags&post=74743"}],"curies":[{"name":"wp","href":"https:\/\/api.w.org\/{rel}","templated":true}]}}