{"id":74749,"date":"2024-11-22T15:57:32","date_gmt":"2024-11-22T21:57:32","guid":{"rendered":"https:\/\/zonaroja.com.mx\/?p=74749"},"modified":"2024-11-22T15:57:32","modified_gmt":"2024-11-22T21:57:32","slug":"en-megaoperativo-detienen-en-edomex-a-alcaldesa-y-mandos-policiacos","status":"publish","type":"post","link":"https:\/\/zonaroja.com.mx\/?p=74749","title":{"rendered":"En megaoperativo, detienen en Edomex a alcaldesa y mandos policiacos"},"content":{"rendered":"\n<p>Redacci\u00f3n\/Zona Roja Cdmx.C<\/p>\n\n\n\n<p>Ciudad de M\u00e9xico, a 22 de noviembre de 2024.- Mandos de seguridad y del gobierno de diversos municipios del Estado de M\u00e9xico fueron detenidos tras un operativo este viernes.<\/p>\n\n\n\n<p>La llamada \u201cOperaci\u00f3n Enjambre\u201c, compuesta por diversas corporaciones de los tres niveles de gobierno, se realiz\u00f3 en Tejupilco, Texcaltitl\u00e1n, Naucalpan, Coacalco, Ixtapaluca, Chicoloapan, Amanalco, Jilotzingo, Amanalco de Becerra y Santo Tom\u00e1s de los Pl\u00e1tanos.<\/p>\n\n\n\n<p>Hasta el momento se han confirmado las detenciones de Rodolfo N., director operativo de Seguridad y Prevenci\u00f3n Ciudadana de Ixtapaluca; de Eraclio N., director de Seguridad de Tejupilco.<br>As\u00ed como de Omar N., subdirector de Seguridad Ciudadana de Naucalpan, y Mar\u00eda Elena N., presidenta municipal de Amanalco de Becerra.<\/p>\n\n\n\n<p>El despliegue estuvo compuesto por elementos de la Secretar\u00eda de la Defensa Nacional (Defensa), Marina (Semar), Guardia Nacional, Secretar\u00eda de Seguridad y Protecci\u00f3n Ciudadana (SSPC), as\u00ed como de la Secretar\u00eda de Seguridad del Edomex y la Fiscal\u00eda estatal.<\/p>\n\n\n\n<p>Trascendi\u00f3 en medios mexiquenses que Isidro Cortes Jim\u00e9nez, titular de la Direcci\u00f3n de Seguridad P\u00fablica de Texcaltitl\u00e1n, fue hallado sin vida al interior de su oficina.<\/p>\n\n\n\n<p>Present\u00f3 un impacto por arma de fuego en lo que se presume un suicidio.<\/p>\n\n\n\n<p>(Con informaci\u00f3n de L\u00f3pez-D\u00f3riga Digital)<\/p>\n","protected":false},"excerpt":{"rendered":"<p>Redacci\u00f3n\/Zona Roja Cdmx.C Ciudad de M\u00e9xico, a 22 de noviembre de 2024.- Mandos de seguridad&hellip;<\/p>\n","protected":false},"author":2,"featured_media":74748,"comment_status":"closed","ping_status":"open","sticky":false,"template":"","format":"standard","meta":{"_lmt_disableupdate":"","_lmt_disable":"","_jetpack_memberships_contains_paid_content":false,"footnotes":""},"categories":[109,46],"tags":[],"class_list":["post-74749","post","type-post","status-publish","format-standard","has-post-thumbnail","hentry","category-minuto-a-minuto","category-zona-blanca"],"jetpack_featured_media_url":"https:\/\/zonaroja.com.mx\/wp-content\/uploads\/2024\/11\/img_3059-1.jpg","jetpack_sharing_enabled":true,"_links":{"self":[{"href":"https:\/\/zonaroja.com.mx\/index.php?rest_route=\/wp\/v2\/posts\/74749","targetHints":{"allow":["GET"]}}],"collection":[{"href":"https:\/\/zonaroja.com.mx\/index.php?rest_route=\/wp\/v2\/posts"}],"about":[{"href":"https:\/\/zonaroja.com.mx\/index.php?rest_route=\/wp\/v2\/types\/post"}],"author":[{"embeddable":true,"href":"https:\/\/zonaroja.com.mx\/index.php?rest_route=\/wp\/v2\/users\/2"}],"replies":[{"embeddable":true,"href":"https:\/\/zonaroja.com.mx\/index.php?rest_route=%2Fwp%2Fv2%2Fcomments&post=74749"}],"version-history":[{"count":1,"href":"https:\/\/zonaroja.com.mx\/index.php?rest_route=\/wp\/v2\/posts\/74749\/revisions"}],"predecessor-version":[{"id":74750,"href":"https:\/\/zonaroja.com.mx\/index.php?rest_route=\/wp\/v2\/posts\/74749\/revisions\/74750"}],"wp:featuredmedia":[{"embeddable":true,"href":"https:\/\/zonaroja.com.mx\/index.php?rest_route=\/wp\/v2\/media\/74748"}],"wp:attachment":[{"href":"https:\/\/zonaroja.com.mx\/index.php?rest_route=%2Fwp%2Fv2%2Fmedia&parent=74749"}],"wp:term":[{"taxonomy":"category","embeddable":true,"href":"https:\/\/zonaroja.com.mx\/index.php?rest_route=%2Fwp%2Fv2%2Fcategories&post=74749"},{"taxonomy":"post_tag","embeddable":true,"href":"https:\/\/zonaroja.com.mx\/index.php?rest_route=%2Fwp%2Fv2%2Ftags&post=74749"}],"curies":[{"name":"wp","href":"https:\/\/api.w.org\/{rel}","templated":true}]}}