{"id":74757,"date":"2024-11-22T21:26:15","date_gmt":"2024-11-23T03:26:15","guid":{"rendered":"https:\/\/zonaroja.com.mx\/?p=74757"},"modified":"2024-11-22T21:26:17","modified_gmt":"2024-11-23T03:26:17","slug":"tiene-66-legislatura-su-primera-sesion-extraordinaria-virtual","status":"publish","type":"post","link":"https:\/\/zonaroja.com.mx\/?p=74757","title":{"rendered":"Tiene 66 Legislatura su primera sesi\u00f3n extraordinaria virtual"},"content":{"rendered":"\n<p>Redacci\u00f3n\/Zona Roja.<\/p>\n\n\n\n<p>Oaxaca de Ju\u00e1rez, Oax., a 22 de noviembre de 2024.- En sesi\u00f3n extraordinaria virtual, encabezada por la diputada presidenta de la Mesa Directiva, Natividad D\u00edaz Jim\u00e9nez, la 66 Legislatura local aprob\u00f3 con 42 votos dos reformas constitucionales en materia de Seguridad P\u00fablica; y Protecci\u00f3n y Cuidado Animal, remitidas por el Congreso de la Uni\u00f3n.<\/p>\n\n\n\n<p>Sobre la reforma en materia de seguridad p\u00fablica, se modifica el art\u00edculo 21 de la Constituci\u00f3n Pol\u00edtica de los Estados Unidos Mexicanos, para establecer que la investigaci\u00f3n de los delitos adem\u00e1s de corresponder al Ministerio P\u00fablico y a la Guardia Nacional, tambi\u00e9n ser\u00e1n de competencia de la Secretar\u00eda del ramo de Seguridad P\u00fablica del Ejecutivo Federal y de los polic\u00edas.<\/p>\n\n\n\n<p>Asimismo, los fondos de ayuda federal para la atenci\u00f3n de este rubro que se destinan a los estados y municipios del pa\u00eds, deber\u00e1n ser auditados y su ejercicio vigilado por el Sistema a trav\u00e9s de su Secretariado Ejecutivo.<\/p>\n\n\n\n<p>Al respecto, el coordinador del Grupo Parlamentario de Morena y presidente de la Junta de Coordinaci\u00f3n Pol\u00edtica, Benjam\u00edn Viveros Montalvo, destac\u00f3 que esta modificaci\u00f3n constitucional es con \u201cla premisa de consolidar la estrategia de seguridad p\u00fablica y de la protecci\u00f3n de la poblaci\u00f3n, as\u00ed como de robustecer el combate de la delincuencia, y la reducci\u00f3n de la criminalidad\u201d.<\/p>\n\n\n\n<p>Por su parte, la presidenta de la Mesa Directiva, Natividad D\u00edaz Jim\u00e9nez, celebr\u00f3 esta reforma porque establece mayores atribuciones a la Secretar\u00eda de Seguridad y Protecci\u00f3n Ciudadana de la naci\u00f3n para participar en las investigaciones de il\u00edcitos.<\/p>\n\n\n\n<p>Asimismo, las diputadas Eva Diego Cruz, Dulce Alejandra Garc\u00eda Morl\u00e1n, y el diputado Javier Casique Z\u00e1rate, manifestaron su respaldo a favor de este cambio constitucional para que se fortalezca la seguridad de las y los mexicanos.<\/p>\n\n\n\n<p>Respecto al \u00e1mbito de protecci\u00f3n y cuidado animal, se reforman y adicionan los art\u00edculos 3, 4 y 73 de la Carta Magna, para prohibir constitucionalmente el maltrato a los animales.<\/p>\n\n\n\n<p>\u00abEl Estado mexicano debe garantizar la protecci\u00f3n, el trato adecuado, la conservaci\u00f3n y el cuidado de los animales, en los t\u00e9rminos que se\u00f1alen las leyes respectivas\u00bb, refiere el art\u00edculo 4 de la Carta Magna.<\/p>\n\n\n\n<p>Las diputadas Eva Diego Cruz, Hayde\u00e9 Reyes Soto y Melina Hern\u00e1ndez Sosa destacaron la importancia de esta modificaci\u00f3n que suma al marco jur\u00eddico, adem\u00e1s de que Oaxaca tambi\u00e9n ha avanzado en la creaci\u00f3n de una ley en la materia, para erradicar el maltrato hacia los animales.<\/p>\n\n\n\n<p>Previo a su aprobaci\u00f3n, las minutas sobre estas reformas enviadas por el Congreso de la Uni\u00f3n fueron recibidas por el Poder Legislativo de Oaxaca y turnadas a la Comisi\u00f3n Permanente de Estudios Constitucionales, que preside la diputada Tania Caballero Navarro, para su an\u00e1lisis y dictaminaci\u00f3n respectiva.<\/p>\n\n\n\n<p>Con ello, el Congreso de Oaxaca respalda las reformas constitucionales de conformidad con el art\u00edculo 135 de la Constituci\u00f3n Federal que refiere que para que las adiciones o reformas a la Carta Magna lleguen a ser parte de la misma, se requiere que sean aprobadas por el Congreso de la Uni\u00f3n y por la mayor\u00eda de las legislaturas de los estados del pa\u00eds.<\/p>\n","protected":false},"excerpt":{"rendered":"<p>Redacci\u00f3n\/Zona Roja. Oaxaca de Ju\u00e1rez, Oax., a 22 de noviembre de 2024.- En sesi\u00f3n extraordinaria&hellip;<\/p>\n","protected":false},"author":2,"featured_media":74758,"comment_status":"closed","ping_status":"open","sticky":false,"template":"","format":"standard","meta":{"_lmt_disableupdate":"","_lmt_disable":"","_jetpack_memberships_contains_paid_content":false,"footnotes":""},"categories":[109,46],"tags":[303],"class_list":["post-74757","post","type-post","status-publish","format-standard","has-post-thumbnail","hentry","category-minuto-a-minuto","category-zona-blanca","tag-congreso-del-estado-de-oaxaca"],"jetpack_featured_media_url":"https:\/\/zonaroja.com.mx\/wp-content\/uploads\/2024\/11\/Congreso-de-Oaxaca-aprueba-reformas-constitucionales-en-materia-de-seguridad-publica-y-proteccion-animal.jpeg","jetpack_sharing_enabled":true,"_links":{"self":[{"href":"https:\/\/zonaroja.com.mx\/index.php?rest_route=\/wp\/v2\/posts\/74757","targetHints":{"allow":["GET"]}}],"collection":[{"href":"https:\/\/zonaroja.com.mx\/index.php?rest_route=\/wp\/v2\/posts"}],"about":[{"href":"https:\/\/zonaroja.com.mx\/index.php?rest_route=\/wp\/v2\/types\/post"}],"author":[{"embeddable":true,"href":"https:\/\/zonaroja.com.mx\/index.php?rest_route=\/wp\/v2\/users\/2"}],"replies":[{"embeddable":true,"href":"https:\/\/zonaroja.com.mx\/index.php?rest_route=%2Fwp%2Fv2%2Fcomments&post=74757"}],"version-history":[{"count":1,"href":"https:\/\/zonaroja.com.mx\/index.php?rest_route=\/wp\/v2\/posts\/74757\/revisions"}],"predecessor-version":[{"id":74759,"href":"https:\/\/zonaroja.com.mx\/index.php?rest_route=\/wp\/v2\/posts\/74757\/revisions\/74759"}],"wp:featuredmedia":[{"embeddable":true,"href":"https:\/\/zonaroja.com.mx\/index.php?rest_route=\/wp\/v2\/media\/74758"}],"wp:attachment":[{"href":"https:\/\/zonaroja.com.mx\/index.php?rest_route=%2Fwp%2Fv2%2Fmedia&parent=74757"}],"wp:term":[{"taxonomy":"category","embeddable":true,"href":"https:\/\/zonaroja.com.mx\/index.php?rest_route=%2Fwp%2Fv2%2Fcategories&post=74757"},{"taxonomy":"post_tag","embeddable":true,"href":"https:\/\/zonaroja.com.mx\/index.php?rest_route=%2Fwp%2Fv2%2Ftags&post=74757"}],"curies":[{"name":"wp","href":"https:\/\/api.w.org\/{rel}","templated":true}]}}