{"id":7476,"date":"2020-01-09T16:06:54","date_gmt":"2020-01-09T22:06:54","guid":{"rendered":"https:\/\/www.zonaroja.com.mx\/?p=7476"},"modified":"2020-01-09T16:06:56","modified_gmt":"2020-01-09T22:06:56","slug":"el-ieepco-niega-triunfo-historico-de-mujer-electa-como-edil-en-santiago-del-rio","status":"publish","type":"post","link":"https:\/\/zonaroja.com.mx\/?p=7476","title":{"rendered":"El IEEPCO niega triunfo hist\u00f3rico de mujer electa como edil en Santiago del R\u00edo\u00a0"},"content":{"rendered":"\n<p class=\"p1\">Evlin Arag\u00f3n\/Zona Roja.<\/p>\n\n\n\n<p class=\"p1\">Oaxaca de Ju\u00e1rez, Oax., 9 de enero de 2020.1 Lourdes Gonz\u00e1lez L\u00f3pez arrib\u00f3 a la ciudad de Oaxaca para denunciar la violencia pol\u00edtica por raz\u00f3n de g\u00e9nero de la cual es v\u00edctima.<\/p>\n\n\n\n<p class=\"p1\">Y es que aunque fue electa el pasado mes de diciembre en su comunidad Santiago del R\u00edo, perteneciente a la regi\u00f3n Mixteca, su triunfo no fue reconocido por las autoridades del Instituto Estatal Electoral y de Participaci\u00f3n Ciudadana (IEEPCO).&nbsp;<\/p>\n\n\n\n<p class=\"p1\">Lo anterior pese a que a la elecci\u00f3n se llev\u00f3 a cabo en tiempo y forma, siguiendo los lineamientos de los Sistemas Normativos Internos y convirti\u00e9ndola en la primera mujer electa como presidenta municipal en la historia de la localidad.<\/p>\n\n\n\n<p class=\"p1\">As\u00ed lo dio a conocer en conferencia de prensa en el z\u00f3calo, en donde explic\u00f3 que de primera cuenta fue violentado su derecho por la autoridad municipal, que no le permiti\u00f3 participar en la elecci\u00f3n que se llev\u00f3 a cabo en el mes de noviembre del 2019, por su condici\u00f3n de g\u00e9nero.&nbsp;<\/p>\n\n\n\n<p class=\"p1\">De manera textual integrantes de la Mesa de Debates -m\u00e1ximo \u00f3rgano electoral en la localidad regida por Sistemas Normativos Internos-&nbsp; le hicieron saber que no pod\u00eda participar en la terna para la presidencia municipal por ser mujer, en las dem\u00e1s ternas s\u00ed, pero espec\u00edficamente para presidir el municipio no era posible.<\/p>\n\n\n\n<p class=\"p1\">Lo anterior caus\u00f3 inconformidad en un grupo de asamble\u00edstas y pobladores que calienta los \u00e1nimos e impide que la elecci\u00f3n llegue a su conclusi\u00f3n en tiempo y forma, siendo cancelada incluso por el presidente municipal en turno, Pedro Torralba Garc\u00eda, quien adem\u00e1s anunciara &nbsp;que convocar\u00eda&nbsp;a&nbsp;una segunda asamblea, situaci\u00f3n que fue dada a conocer ante las autoridades del IEEPCO.&nbsp;<\/p>\n\n\n\n<p class=\"p1\">Las irregularidades al interior del \u00f3rgano electoral iniciaron una vez que les pidieron esperar un plazo superior a los diez d\u00edas para convocar una nueva asamblea, tiempo que les sirve al grupo que no le permiti\u00f3 su participaci\u00f3n, presentar los documentos de un proceso electoral supuestamente concluido en el que fue autonombrado como edil Leoncio Navarrete Carrasco.&nbsp;<\/p>\n\n\n\n<p class=\"p1\">Lo anterior fue reconocido por las y los consejeros IEEPCO en sesi\u00f3n del 27 de diciembre, pese a que d\u00edas antes Lourdes Gonz\u00e1lez hab\u00eda expuesto su caso y enunciado la serie de irregularidades que se presentaron en la primera elecci\u00f3n, incluida la violaci\u00f3n a su derecho pol\u00edtico electoral, la falta de qu\u00f3rum y la cancelaci\u00f3n de la asamblea por el edil municipal.<\/p>\n\n\n\n<p class=\"p1\">\u201cNuestro tema, nuestro expediente no fue estudiado a fondo por parte de la autoridad electoral, desconocemos si factores pol\u00edticos o econ\u00f3micos tuvieron injerencia para la validaci\u00f3n de esa asamblea, lo que es real es falta de compromiso y legalidad por parte de las y los consejeros\u201d, cit\u00f3 en conferencia de prensa Gonz\u00e1lez L\u00f3pez.&nbsp;<\/p>\n\n\n\n<p class=\"p1\">As\u00ed mismo, recrimin\u00f3 la incongruencia de la instancia electoral que se la pasa promoviendo la importancia de la participaci\u00f3n pol\u00edtica de las mujeres ante los medios de comunicaci\u00f3n y cuando est\u00e1 frente a un hecho de violencia pol\u00edtica por raz\u00f3n de g\u00e9nero haga caso omiso de los hechos.&nbsp;<\/p>\n\n\n\n<p class=\"p1\">\u201cYo en estos momentos tengo un sentimiento de impotencia, descontento y decepci\u00f3n por el actuar de nuestras instituciones que por intereses personales se inclina a respaldar una elecci\u00f3n que no le consta\u201d, dijo.&nbsp;<\/p>\n\n\n\n<p class=\"p1\">Finalmente, invit\u00f3 a la poblaci\u00f3n en general a denunciar los diferentes casos de violaci\u00f3n a sus derechos electorales, ya que dijo en muchas comunidades ind\u00edgenas el pueblo no es tomado en cuenta y son personas con poder pol\u00edtico y econ\u00f3mico quienes toman las decisiones.&nbsp;<\/p>\n\n\n\n<p class=\"p1\">\u201cAunque he perdido la confianza en las instituciones valorar\u00e9 seguir con el procedimiento legal, mientras quiero que quede constancia de los hechos de forma medi\u00e1tica y social\u201d, concluy\u00f3.&nbsp;<\/p>\n","protected":false},"excerpt":{"rendered":"<p>Evlin Arag\u00f3n\/Zona Roja. Oaxaca de Ju\u00e1rez, Oax., 9 de enero de 2020.1 Lourdes Gonz\u00e1lez L\u00f3pez&hellip;<\/p>\n","protected":false},"author":2,"featured_media":7475,"comment_status":"closed","ping_status":"open","sticky":false,"template":"","format":"standard","meta":{"_lmt_disableupdate":"","_lmt_disable":"","_jetpack_memberships_contains_paid_content":false,"footnotes":""},"categories":[109,47],"tags":[1241,1240],"class_list":["post-7476","post","type-post","status-publish","format-standard","has-post-thumbnail","hentry","category-minuto-a-minuto","category-zona-gris","tag-lourdes-gonzalez-lopez","tag-santiago-del-rio"],"jetpack_featured_media_url":"https:\/\/zonaroja.com.mx\/wp-content\/uploads\/2020\/01\/3d04e71f-ecce-475b-8283-bfa1ba7dafad.jpg","jetpack_sharing_enabled":true,"_links":{"self":[{"href":"https:\/\/zonaroja.com.mx\/index.php?rest_route=\/wp\/v2\/posts\/7476","targetHints":{"allow":["GET"]}}],"collection":[{"href":"https:\/\/zonaroja.com.mx\/index.php?rest_route=\/wp\/v2\/posts"}],"about":[{"href":"https:\/\/zonaroja.com.mx\/index.php?rest_route=\/wp\/v2\/types\/post"}],"author":[{"embeddable":true,"href":"https:\/\/zonaroja.com.mx\/index.php?rest_route=\/wp\/v2\/users\/2"}],"replies":[{"embeddable":true,"href":"https:\/\/zonaroja.com.mx\/index.php?rest_route=%2Fwp%2Fv2%2Fcomments&post=7476"}],"version-history":[{"count":1,"href":"https:\/\/zonaroja.com.mx\/index.php?rest_route=\/wp\/v2\/posts\/7476\/revisions"}],"predecessor-version":[{"id":7477,"href":"https:\/\/zonaroja.com.mx\/index.php?rest_route=\/wp\/v2\/posts\/7476\/revisions\/7477"}],"wp:featuredmedia":[{"embeddable":true,"href":"https:\/\/zonaroja.com.mx\/index.php?rest_route=\/wp\/v2\/media\/7475"}],"wp:attachment":[{"href":"https:\/\/zonaroja.com.mx\/index.php?rest_route=%2Fwp%2Fv2%2Fmedia&parent=7476"}],"wp:term":[{"taxonomy":"category","embeddable":true,"href":"https:\/\/zonaroja.com.mx\/index.php?rest_route=%2Fwp%2Fv2%2Fcategories&post=7476"},{"taxonomy":"post_tag","embeddable":true,"href":"https:\/\/zonaroja.com.mx\/index.php?rest_route=%2Fwp%2Fv2%2Ftags&post=7476"}],"curies":[{"name":"wp","href":"https:\/\/api.w.org\/{rel}","templated":true}]}}