{"id":74761,"date":"2024-11-23T07:37:22","date_gmt":"2024-11-23T13:37:22","guid":{"rendered":"https:\/\/zonaroja.com.mx\/?p=74761"},"modified":"2024-11-23T07:37:24","modified_gmt":"2024-11-23T13:37:24","slug":"otro-funcionario-del-gobierno-de-alejandro-murat-sale-libre-de-prision","status":"publish","type":"post","link":"https:\/\/zonaroja.com.mx\/?p=74761","title":{"rendered":"Otro funcionario del gobierno de Alejandro Murat sale libre de prisi\u00f3n"},"content":{"rendered":"\n<p>Raymundo Morales\/Zona Roja.<\/p>\n\n\n\n<p>Oaxaca de Ju\u00e1rez, Oax., a 23 de noviembre de 2024.- De nueva cuenta, un funcionario del sexenio del entonces priista y ahora morenista Alejandro Murat Hinojosa, fue puesto en libertad.<\/p>\n\n\n\n<p>Se trata de Alejandro Aroche Tarasco, quien fuera director del Instituto de Estudios de Bachillerato de Oaxac (IEBO) y recibi\u00f3 por parte del Poder Judicial de Oaxaca el beneficio de continuar el proceso judicial en su contra pero desde su domicilio.<\/p>\n\n\n\n<p>Ayer fue puesto en libertad en el reclusorio estatal ubicado en San Francisco Tanivet, Tlacolula de Matamoros, y hasta el momento se desconocen las razones por las cuales se le dio el cambio de la medida cautelar.<\/p>\n\n\n\n<p>Aroche Tarasco ya hab\u00eda conseguido, el pasado 7 de junio de este a\u00f1o, lograr su libertad, a trav\u00e9s de un amparo federal, pero ese mismo d\u00eda le ejecutaron una nueva orden de aprehensi\u00f3n, por lo cual continu\u00f3 en prisi\u00f3n.<\/p>\n\n\n\n<p>El funcionario del gobierno que encabez\u00f3 Murat Hinojosa, ahora senador de la Rep\u00fablica, fue el 2 de junio de 2023 acusado de participar en un esquema de fraude por simulaci\u00f3n, al utilizar supuestamente de manera ilicitana los recursos p\u00fablicos.&nbsp;<\/p>\n\n\n\n<p>Cabe mencionar que recientemente, quien fuera secretario de de las Infraestructuras del sexenio priista anterior, Javier Lazcano Vargas, tambi\u00e9n recibi\u00f3 el beneficio de la prisi\u00f3n domiciliaria por parte del Poder Judicial, que encabeza la magistrada Berenice Ram\u00edrez Jim\u00e9nez.<\/p>\n","protected":false},"excerpt":{"rendered":"<p>Raymundo Morales\/Zona Roja. Oaxaca de Ju\u00e1rez, Oax., a 23 de noviembre de 2024.- De nueva&hellip;<\/p>\n","protected":false},"author":2,"featured_media":74762,"comment_status":"closed","ping_status":"open","sticky":false,"template":"","format":"standard","meta":{"_lmt_disableupdate":"","_lmt_disable":"","_jetpack_memberships_contains_paid_content":false,"footnotes":""},"categories":[109,47],"tags":[1771],"class_list":["post-74761","post","type-post","status-publish","format-standard","has-post-thumbnail","hentry","category-minuto-a-minuto","category-zona-gris","tag-alejandro-aroche-tarasco"],"jetpack_featured_media_url":"https:\/\/zonaroja.com.mx\/wp-content\/uploads\/2024\/11\/Alejandro-Aroche-Tarasco.jpg","jetpack_sharing_enabled":true,"_links":{"self":[{"href":"https:\/\/zonaroja.com.mx\/index.php?rest_route=\/wp\/v2\/posts\/74761","targetHints":{"allow":["GET"]}}],"collection":[{"href":"https:\/\/zonaroja.com.mx\/index.php?rest_route=\/wp\/v2\/posts"}],"about":[{"href":"https:\/\/zonaroja.com.mx\/index.php?rest_route=\/wp\/v2\/types\/post"}],"author":[{"embeddable":true,"href":"https:\/\/zonaroja.com.mx\/index.php?rest_route=\/wp\/v2\/users\/2"}],"replies":[{"embeddable":true,"href":"https:\/\/zonaroja.com.mx\/index.php?rest_route=%2Fwp%2Fv2%2Fcomments&post=74761"}],"version-history":[{"count":1,"href":"https:\/\/zonaroja.com.mx\/index.php?rest_route=\/wp\/v2\/posts\/74761\/revisions"}],"predecessor-version":[{"id":74763,"href":"https:\/\/zonaroja.com.mx\/index.php?rest_route=\/wp\/v2\/posts\/74761\/revisions\/74763"}],"wp:featuredmedia":[{"embeddable":true,"href":"https:\/\/zonaroja.com.mx\/index.php?rest_route=\/wp\/v2\/media\/74762"}],"wp:attachment":[{"href":"https:\/\/zonaroja.com.mx\/index.php?rest_route=%2Fwp%2Fv2%2Fmedia&parent=74761"}],"wp:term":[{"taxonomy":"category","embeddable":true,"href":"https:\/\/zonaroja.com.mx\/index.php?rest_route=%2Fwp%2Fv2%2Fcategories&post=74761"},{"taxonomy":"post_tag","embeddable":true,"href":"https:\/\/zonaroja.com.mx\/index.php?rest_route=%2Fwp%2Fv2%2Ftags&post=74761"}],"curies":[{"name":"wp","href":"https:\/\/api.w.org\/{rel}","templated":true}]}}