{"id":74764,"date":"2024-11-23T08:38:00","date_gmt":"2024-11-23T14:38:00","guid":{"rendered":"https:\/\/zonaroja.com.mx\/?p=74764"},"modified":"2024-11-23T07:57:44","modified_gmt":"2024-11-23T13:57:44","slug":"denuncian-ataque-armado-en-santiago-amoltepec-hay-tres-heridos","status":"publish","type":"post","link":"https:\/\/zonaroja.com.mx\/?p=74764","title":{"rendered":"Denuncian ataque armado en Santiago Amoltepec; hay tres heridos"},"content":{"rendered":"\n<p>Raymundo Morales\/Zona Roja.<\/p>\n\n\n\n<p>Oaxaca de Ju\u00e1rez, Oax., a 23 de noviembre de 2024.- Al menos tres personas lesionadas es el saldo de un ataque armado ocurrido este viernes en Santiago Amoltepec, municipio de la regi\u00f3n de la Sierra Sur de Oaxaca.<\/p>\n\n\n\n<p>De acuerdo con reportes de la autoridad municipal, el hecho ocurri\u00f3 la localidad de Barranca Oscura en el marco de una festividad en honor a los m\u00fasicos, en que participaron bandas de viento con ni\u00f1as y ni\u00f1os.<\/p>\n\n\n\n<p>De pronto, de alg\u00fan sitio surgieron los disparos de arma de fuego, lo que provoc\u00f3 el p\u00e1nico de los asistentes, padres de familia, menores de edad y algunas autoridades.<\/p>\n\n\n\n<p>Dos personas adultas, entre ellas una mujer, y un joven, resultados heridos de bala, mientras que a un peque\u00f1o el disparo impact\u00f3 en su tel\u00e9fono celular, por lo cual salv\u00f3 la vida.<\/p>\n\n\n\n<p>Las personas lesionadas fueron trasladadas a cl\u00ednicas de la zona, donde las reportan de manera preliminar como estables de salud.<\/p>\n\n\n\n<p>Sin embargo, hasta el momento no hay reporte de personas detenidas, pese a los operativo de b\u00fasqueda implementadas por parte de corporaciones policiacas municipal y estatal.<\/p>\n\n\n\n<p>Supuestamente la agresi\u00f3n armada provino desde San Mateo Yucutindoo, aunque la versi\u00f3n no ha sido confirmada o descartada por parte del Gobierno del Estado de Oaxaca.<\/p>\n","protected":false},"excerpt":{"rendered":"<p>Raymundo Morales\/Zona Roja. Oaxaca de Ju\u00e1rez, Oax., a 23 de noviembre de 2024.- Al menos&hellip;<\/p>\n","protected":false},"author":2,"featured_media":68842,"comment_status":"closed","ping_status":"open","sticky":false,"template":"","format":"standard","meta":{"_lmt_disableupdate":"","_lmt_disable":"","_jetpack_memberships_contains_paid_content":false,"footnotes":""},"categories":[109,47],"tags":[860],"class_list":["post-74764","post","type-post","status-publish","format-standard","has-post-thumbnail","hentry","category-minuto-a-minuto","category-zona-gris","tag-santiago-amoltepec"],"jetpack_featured_media_url":"https:\/\/zonaroja.com.mx\/wp-content\/uploads\/2024\/05\/Palacio-municipal-Amoltepec.jpeg","jetpack_sharing_enabled":true,"_links":{"self":[{"href":"https:\/\/zonaroja.com.mx\/index.php?rest_route=\/wp\/v2\/posts\/74764","targetHints":{"allow":["GET"]}}],"collection":[{"href":"https:\/\/zonaroja.com.mx\/index.php?rest_route=\/wp\/v2\/posts"}],"about":[{"href":"https:\/\/zonaroja.com.mx\/index.php?rest_route=\/wp\/v2\/types\/post"}],"author":[{"embeddable":true,"href":"https:\/\/zonaroja.com.mx\/index.php?rest_route=\/wp\/v2\/users\/2"}],"replies":[{"embeddable":true,"href":"https:\/\/zonaroja.com.mx\/index.php?rest_route=%2Fwp%2Fv2%2Fcomments&post=74764"}],"version-history":[{"count":1,"href":"https:\/\/zonaroja.com.mx\/index.php?rest_route=\/wp\/v2\/posts\/74764\/revisions"}],"predecessor-version":[{"id":74765,"href":"https:\/\/zonaroja.com.mx\/index.php?rest_route=\/wp\/v2\/posts\/74764\/revisions\/74765"}],"wp:featuredmedia":[{"embeddable":true,"href":"https:\/\/zonaroja.com.mx\/index.php?rest_route=\/wp\/v2\/media\/68842"}],"wp:attachment":[{"href":"https:\/\/zonaroja.com.mx\/index.php?rest_route=%2Fwp%2Fv2%2Fmedia&parent=74764"}],"wp:term":[{"taxonomy":"category","embeddable":true,"href":"https:\/\/zonaroja.com.mx\/index.php?rest_route=%2Fwp%2Fv2%2Fcategories&post=74764"},{"taxonomy":"post_tag","embeddable":true,"href":"https:\/\/zonaroja.com.mx\/index.php?rest_route=%2Fwp%2Fv2%2Ftags&post=74764"}],"curies":[{"name":"wp","href":"https:\/\/api.w.org\/{rel}","templated":true}]}}