{"id":74766,"date":"2024-11-23T10:01:00","date_gmt":"2024-11-23T16:01:00","guid":{"rendered":"https:\/\/zonaroja.com.mx\/?p=74766"},"modified":"2024-11-23T08:09:45","modified_gmt":"2024-11-23T14:09:45","slug":"realizan-en-oaxaca-capital-encuentro-nacional-de-ciudades-educadoras","status":"publish","type":"post","link":"https:\/\/zonaroja.com.mx\/?p=74766","title":{"rendered":"Realizan en Oaxaca capital Encuentro Nacional de Ciudades Educadoras"},"content":{"rendered":"\n<p>Redacci\u00f3n\/Zona Roja.&nbsp;<\/p>\n\n\n\n<p>Oaxaca de Ju\u00e1rez, Oaxaca, a&nbsp;23&nbsp;de&nbsp;noviembre&nbsp;de2024.-&nbsp;Al inaugurar el XVI Encuentro Nacional de Ciudades Educadoras 2024 bajo el lema \u201cEl cuidado del patrimonio como agente educativo\u201d, el presidente municipal de Oaxaca de Ju\u00e1rez, Francisco Mart\u00ednez Neri, reafirm\u00f3 el compromiso por anteponer a la educaci\u00f3n como eje transformador de las comunidades y que pueda convertirse en un legado universal para todas y todos.&nbsp;<\/p>\n\n\n\n<p>La Red Mexicana de Ciudades Educadoras forma parte de la Asociaci\u00f3n Internacional de Ciudades Educadoras (AICE), siendo Oaxaca de Ju\u00e1rez, una de las 18 ciudades del pa\u00eds que se ha sumado al compromiso con la promoci\u00f3n de una educaci\u00f3n integral y de calidad que contribuya al desarrollo humano, la inclusi\u00f3n social, la sostenibilidad y la paz.&nbsp;<\/p>\n\n\n\n<p>De acuerdo a informaci\u00f3n oficial, la AICE, fundada en 1994, es una Asociaci\u00f3n sin \u00e1nimo de lucro, constituida como una estructura permanente de colaboraci\u00f3n entre los gobiernos locales comprometidos con la Carta de Ciudades Educadoras, que es la hoja de ruta de las ciudades que la componen.&nbsp;<\/p>\n\n\n\n<p>Cualquier gobierno local que acepte este compromiso puede convertirse en miembro activo de la Asociaci\u00f3n, con independencia de sus competencias administrativas. A principios de 2023, el n\u00famero de miembros asciende a cerca de 500 ciudades de 35 pa\u00edses y todos los continentes.<\/p>\n\n\n\n<p>Al evento inaugural del XVI Encuentro Nacional de Ciudades Educadoras 2024 &nbsp;realizado en el Primer Patio de Palacio Municipal asisti\u00f3 Laura In\u00e9s Alfonso, directora de la Delegaci\u00f3n para Am\u00e9rica Latina de Ciudades Educadoras; as\u00ed como el coordinador &nbsp;nacional de la Red Mexicana de Ciudades Educadoras y director general de Cultura y Educaci\u00f3n del municipio de Guanajuato, Juan Antonio L\u00f3pez Garc\u00eda, adem\u00e1s de la regidora de Igualdad de G\u00e9nero y de la Ciudad Educadora, Deyanira Altamirano G\u00f3mez.<\/p>\n\n\n\n<p>Tambi\u00e9n acudi\u00f3 Adri\u00e1n Garc\u00eda Enr\u00edquez, coordinador de Ciudad Educadora de Oaxaca de Ju\u00e1rez; Raymundo Chagoya Villanueva, Presidente Municipal electo, con un mensaje desde Espa\u00f1a, Marina Canals Ramoneda,&nbsp;Secretaria General de la Asociaci\u00f3n Internacional de Ciudades Educadoras.&nbsp;<\/p>\n\n\n\n<p>Ante invitados especiales de otras ciudades educadoras, integrantes del Cabildo, agentes municipales y ciudadan\u00eda, Francisco Mart\u00ednez Neri subray\u00f3 que durante la presente administraci\u00f3n se ha trabajado de la mano con la sociedad, organizaciones civiles y el sector empresarial, con la finalidad dijo, de fortalecer\u00a0iniciativas que trasciendan y se conviertan en el legado de una comunidad m\u00e1s consciente y participativa. \u00a0<\/p>\n\n\n\n<figure class=\"wp-block-embed is-type-rich is-provider-twitter wp-block-embed-twitter\"><div class=\"wp-block-embed__wrapper\">\n<div class=\"twitter-tweet\"><blockquote class=\"twitter-tweet\" data-lang=\"es\"><p lang=\"es\" dir=\"ltr\">En el acto inaugural del XVI Encuentro Nacional de Ciudades Educadoras, que se realiza hoy y ma\u00f1ana en la capital de Oaxaca, participaron Juan Antonio L\u00f3pez Garc\u00eda, coordinador nacional de la Red de Ciudades Educadoras de M\u00e9xico. <br> <br>Laura In\u00e9s Alfonso, directora de la Delegaci\u00f3n\u2026 <a href=\"https:\/\/t.co\/tvrVz9BMfj\">pic.twitter.com\/tvrVz9BMfj<\/a><\/p>&mdash; Zona Roja Oaxaca (@ZonaRoja_Oaxaca) <a href=\"https:\/\/twitter.com\/ZonaRoja_Oaxaca\/status\/1860110411733041479?ref_src=twsrc%5Etfw\">22 de noviembre de 2024<\/a><\/blockquote><\/div>\n<\/div><\/figure>\n\n\n\n<p>\u201cOaxaca de Ju\u00e1rez ha apostado por la educaci\u00f3n como el eje central de su proyecto de ciudad, gobernar por y para el pueblo significa reconocer que la educaci\u00f3n no solo es un derecho fundamental, sino el \u00fanico camino viable y seguro para alcanzar el progreso igualitario\u201d, enfatiz\u00f3 Mart\u00ednez Neri.&nbsp;<\/p>\n\n\n\n<p>Aunado a lo anterior, el edil capitalino reconoci\u00f3 el trabajo realizado a trav\u00e9s de la Asociaci\u00f3n Internacional de Ciudades Educadoras y la Red Mexicana de Ciudades Educadoras, organizaciones que basan sus esfuerzos en promover una educaci\u00f3n que transforma realidades e impulsan a colaborar de manera conjunta hacia la construcci\u00f3n de un mundo m\u00e1s equitativo y solidario. &nbsp;&nbsp;<\/p>\n\n\n\n<p>\u201cEste encuentro nos invita a reflexionar sobre los logros alcanzados y nos compromete a consolidar un ideal que beneficie a toda la humanidad asegurando que estos proyectos perduren en el tiempo\u201d, finaliz\u00f3 el Primer Concejal ante integrantes del Cabildo, agentes municipales, invitadas e invitados.<\/p>\n\n\n\n<p>Por su parte, el coordinador &nbsp;nacional de la Red Mexicana de Ciudades Educadoras y director general de Cultura y Educaci\u00f3n del municipio de Guanajuato, Juan Antonio L\u00f3pez Garc\u00eda, recalc\u00f3 la disposici\u00f3n de trabajar y seguir sumando esfuerzos por el bienestar de la poblaci\u00f3n desde un enfoque educativo. &nbsp;<\/p>\n\n\n\n<p>\u201cReciban un saludo de la arquitecta Martha Smith Guti\u00e9rrez, Presidenta Municipal de Guanajuato capital y desde nuestro car\u00e1cter de coordinadores de ciudades educadoras en M\u00e9xico agradezco la distinci\u00f3n y reitero el compromiso por hacer cumplir los preceptos de esta red\u201d, abund\u00f3 L\u00f3pez Garc\u00eda. &nbsp;&nbsp;<\/p>\n\n\n\n<p>En tanto, la directora de la Delegaci\u00f3n para Am\u00e9rica Latina de Ciudades Educadoras, Laura In\u00e9s Alfonso, resalt\u00f3 la relevancia que enmarca la realizaci\u00f3n del &nbsp;XVI Encuentro Nacional de Ciudades Educadoras 2024, y comparti\u00f3 el agradecimiento hacia las autoridades municipales anfitrionas.&nbsp;<\/p>\n\n\n\n<p>\u201cEstamos en un contexto de trabajo en Am\u00e9rica Latina donde pensar en la educaci\u00f3n de valores, en la construcci\u00f3n de democracia, en la cohesi\u00f3n social, en el cuidado del ambiente, en tantos temas que est\u00e1n en nuestra Carta de Ciudades Educadoras, son tan necesarios en nuestra regi\u00f3n y creo que abrazarlos fuertemente es realmente un desaf\u00edo para las ciudades que vivimos en estos territorios\u201d, afirm\u00f3 Laura In\u00e9s Alfonso.&nbsp;<\/p>\n\n\n\n<p>Durante los d\u00edas 22 y 23 de noviembre, como parte del encuentro nacional se desarrollan ponencias divididas en los ejes \u201cLa educaci\u00f3n y sensibilizaci\u00f3n\u201d y \u201cEl patrimonio y cohesi\u00f3n social\u201d, a trav\u00e9s del desarrollo de temas como&nbsp;\u201cGuanajuato como Ciudad Educadora en la preservaci\u00f3n cultural\u201d; \u201cOaxaca para ti\u201d; \u201cRutas Culturales\u201d; \u201cCelaya con identidad\u201d; \u201cAcciones educadoras que trascienden\u201d; \u201cRecorridos hist\u00f3ricos\u201d; \u201cConoce tu ciudad, conoce tu historia\u201d, entre otros.<\/p>\n","protected":false},"excerpt":{"rendered":"<p>Redacci\u00f3n\/Zona Roja.&nbsp; Oaxaca de Ju\u00e1rez, Oaxaca, a&nbsp;23&nbsp;de&nbsp;noviembre&nbsp;de2024.-&nbsp;Al inaugurar el XVI Encuentro Nacional de Ciudades Educadoras&hellip;<\/p>\n","protected":false},"author":2,"featured_media":74767,"comment_status":"closed","ping_status":"open","sticky":false,"template":"","format":"standard","meta":{"_lmt_disableupdate":"","_lmt_disable":"","_jetpack_memberships_contains_paid_content":false,"footnotes":""},"categories":[109,46],"tags":[148],"class_list":["post-74766","post","type-post","status-publish","format-standard","has-post-thumbnail","hentry","category-minuto-a-minuto","category-zona-blanca","tag-oaxaca-de-juarez"],"jetpack_featured_media_url":"https:\/\/zonaroja.com.mx\/wp-content\/uploads\/2024\/11\/EncuentroNacional.jpeg","jetpack_sharing_enabled":true,"_links":{"self":[{"href":"https:\/\/zonaroja.com.mx\/index.php?rest_route=\/wp\/v2\/posts\/74766","targetHints":{"allow":["GET"]}}],"collection":[{"href":"https:\/\/zonaroja.com.mx\/index.php?rest_route=\/wp\/v2\/posts"}],"about":[{"href":"https:\/\/zonaroja.com.mx\/index.php?rest_route=\/wp\/v2\/types\/post"}],"author":[{"embeddable":true,"href":"https:\/\/zonaroja.com.mx\/index.php?rest_route=\/wp\/v2\/users\/2"}],"replies":[{"embeddable":true,"href":"https:\/\/zonaroja.com.mx\/index.php?rest_route=%2Fwp%2Fv2%2Fcomments&post=74766"}],"version-history":[{"count":1,"href":"https:\/\/zonaroja.com.mx\/index.php?rest_route=\/wp\/v2\/posts\/74766\/revisions"}],"predecessor-version":[{"id":74768,"href":"https:\/\/zonaroja.com.mx\/index.php?rest_route=\/wp\/v2\/posts\/74766\/revisions\/74768"}],"wp:featuredmedia":[{"embeddable":true,"href":"https:\/\/zonaroja.com.mx\/index.php?rest_route=\/wp\/v2\/media\/74767"}],"wp:attachment":[{"href":"https:\/\/zonaroja.com.mx\/index.php?rest_route=%2Fwp%2Fv2%2Fmedia&parent=74766"}],"wp:term":[{"taxonomy":"category","embeddable":true,"href":"https:\/\/zonaroja.com.mx\/index.php?rest_route=%2Fwp%2Fv2%2Fcategories&post=74766"},{"taxonomy":"post_tag","embeddable":true,"href":"https:\/\/zonaroja.com.mx\/index.php?rest_route=%2Fwp%2Fv2%2Ftags&post=74766"}],"curies":[{"name":"wp","href":"https:\/\/api.w.org\/{rel}","templated":true}]}}