{"id":74769,"date":"2024-11-23T10:30:00","date_gmt":"2024-11-23T16:30:00","guid":{"rendered":"https:\/\/zonaroja.com.mx\/?p=74769"},"modified":"2024-11-23T08:10:28","modified_gmt":"2024-11-23T14:10:28","slug":"detienen-al-cholo-palacios-en-edomex-vinculado-a-emboscada-de-los-43-normalistas","status":"publish","type":"post","link":"https:\/\/zonaroja.com.mx\/?p=74769","title":{"rendered":"Detienen al &#8216;Cholo&#8217; Palacios en Edomex; vinculado a emboscada de los 43 normalistas"},"content":{"rendered":"\n<p>Redacci\u00f3n\/Zona Roja Cdmx.<\/p>\n\n\n\n<p>Ciudad de M\u00e9xico, a 23 de noviembre de 2024.- Autoridades federales detuvieron a Alejandro Palacios Ben\u00edtez, alias \u201cEl Cholo Palacios\u201d, identificado como jefe de plaza del grupo criminal \u201cGuerreros Unidos\u201d, en Tlatlaya, Estado de M\u00e9xico; quien ha sido involucrado con la desaparici\u00f3n de los 43 normalistas de Ayotzinapa.<\/p>\n\n\n\n<p>Durante una operaci\u00f3n coordinada entre la Secretar\u00eda de Seguridad y Protecci\u00f3n Ciudadana (SSPC), el Centro Nacional de Inteligencia (CNI), en colaboraci\u00f3n con la Fiscal\u00eda General de la Rep\u00fablica (FGR), la Secretar\u00eda de la Defensa, de Marina y Guardia Nacional, cumplimentaron una orden de aprehensi\u00f3n en contra del \u201cCholo Palacio\u201d, por los delitos de delincuencia organizada y desaparici\u00f3n forzada.<\/p>\n\n\n\n<p>El Gabinete de Seguridad inform\u00f3 que las labores de inteligencia revelaron que Alejandro Palacios Ben\u00edtez o Alejandro Benitez Palacios, como tambi\u00e9n se hac\u00eda llamar, planeaba emigrar junto con su familia a Estados Unidos para evitar ser detenido.<\/p>\n\n\n\n<p>Finalmente, fue localizado en Tlatlaya, donde resid\u00eda con su esposa y dos hijos menores.<\/p>\n\n\n\n<p>De acuerdo con un comunicado de Seguridad, entre 2013 y 2014, Palacios Ben\u00edtez fungi\u00f3 como jefe de plaza de Los Guerreros Unidos en Taxco de Alarc\u00f3n, Huitzuco de los Figueroa y Tepecoacuilco, Guerrero, donde lider\u00f3 operaciones de secuestro, cobro de cuotas y la desaparici\u00f3n de al menos ocho personas en el municipio de Cocula.<\/p>\n\n\n\n<p>\u201cEl Cholo Palacios\u201d fue vinculado por Gildardo L\u00f3pez Astudillo, alias \u201cEl Cabo Gil\u201d en los ataques contra los normalistas de Ayotzinapa el 26 de septiembre de 2014. Lo apunt\u00f3 como responsable de la emboscada al autob\u00fas de \u201cLos Avispones\u201d y de agresiones contra veh\u00edculos particulares y taxis en el crucero de Santa Teresa.<\/p>\n\n\n\n<p>Palacios Ben\u00edtez operaba bajo el alias de \u201cEl Cholo Palacios\u201d, siendo identificado en 2022 como el autor de un mensaje hallado junto a tres cuerpos abandonados en la carretera Xalitla-San Juan Tetelcingo, Guerrero.<\/p>\n\n\n\n<p>(Informaci\u00f3n de Pol\u00edtico.Mx)<\/p>\n","protected":false},"excerpt":{"rendered":"<p>Redacci\u00f3n\/Zona Roja Cdmx. Ciudad de M\u00e9xico, a 23 de noviembre de 2024.- Autoridades federales detuvieron&hellip;<\/p>\n","protected":false},"author":2,"featured_media":74770,"comment_status":"closed","ping_status":"open","sticky":false,"template":"","format":"standard","meta":{"_lmt_disableupdate":"","_lmt_disable":"","_jetpack_memberships_contains_paid_content":false,"footnotes":""},"categories":[109,47],"tags":[],"class_list":["post-74769","post","type-post","status-publish","format-standard","has-post-thumbnail","hentry","category-minuto-a-minuto","category-zona-gris"],"jetpack_featured_media_url":"https:\/\/zonaroja.com.mx\/wp-content\/uploads\/2024\/11\/cholo-palacios-detencion_6740f265ea027.jpg","jetpack_sharing_enabled":true,"_links":{"self":[{"href":"https:\/\/zonaroja.com.mx\/index.php?rest_route=\/wp\/v2\/posts\/74769","targetHints":{"allow":["GET"]}}],"collection":[{"href":"https:\/\/zonaroja.com.mx\/index.php?rest_route=\/wp\/v2\/posts"}],"about":[{"href":"https:\/\/zonaroja.com.mx\/index.php?rest_route=\/wp\/v2\/types\/post"}],"author":[{"embeddable":true,"href":"https:\/\/zonaroja.com.mx\/index.php?rest_route=\/wp\/v2\/users\/2"}],"replies":[{"embeddable":true,"href":"https:\/\/zonaroja.com.mx\/index.php?rest_route=%2Fwp%2Fv2%2Fcomments&post=74769"}],"version-history":[{"count":1,"href":"https:\/\/zonaroja.com.mx\/index.php?rest_route=\/wp\/v2\/posts\/74769\/revisions"}],"predecessor-version":[{"id":74771,"href":"https:\/\/zonaroja.com.mx\/index.php?rest_route=\/wp\/v2\/posts\/74769\/revisions\/74771"}],"wp:featuredmedia":[{"embeddable":true,"href":"https:\/\/zonaroja.com.mx\/index.php?rest_route=\/wp\/v2\/media\/74770"}],"wp:attachment":[{"href":"https:\/\/zonaroja.com.mx\/index.php?rest_route=%2Fwp%2Fv2%2Fmedia&parent=74769"}],"wp:term":[{"taxonomy":"category","embeddable":true,"href":"https:\/\/zonaroja.com.mx\/index.php?rest_route=%2Fwp%2Fv2%2Fcategories&post=74769"},{"taxonomy":"post_tag","embeddable":true,"href":"https:\/\/zonaroja.com.mx\/index.php?rest_route=%2Fwp%2Fv2%2Ftags&post=74769"}],"curies":[{"name":"wp","href":"https:\/\/api.w.org\/{rel}","templated":true}]}}