{"id":74772,"date":"2024-11-23T10:19:00","date_gmt":"2024-11-23T16:19:00","guid":{"rendered":"https:\/\/zonaroja.com.mx\/?p=74772"},"modified":"2024-11-23T11:17:56","modified_gmt":"2024-11-23T17:17:56","slug":"pueblo-mixe-presentara-amparo-ante-falta-de-servicios-de-salud","status":"publish","type":"post","link":"https:\/\/zonaroja.com.mx\/?p=74772","title":{"rendered":"Pueblo Mixe presentar\u00e1 amparo ante falta de servicios de salud"},"content":{"rendered":"\n<p>Raymundo Morales\/Zona Roja.<\/p>\n\n\n\n<p>Oaxaca de Ju\u00e1rez, Oax., a 23 de noviembre de 2024.- Los&nbsp;padres y madres de familia de la comunidad ind\u00edgena mixe de Guadalupe Victoria,&nbsp;San Juan Juquila Mixe, acordaron&nbsp;en asamblea comunitaria acudir a la justicia federal&nbsp;para solicitar amparo y protecci\u00f3n&nbsp;a sus&nbsp;derechos humanos&nbsp;ante la falta de los servicios educativos y de salud.&nbsp;<\/p>\n\n\n\n<p>En un comunicado informaron que el pasado 3 de agosto de 2024, el delegado de Paz Regional anunci\u00f3&nbsp;que arribar\u00eda&nbsp;Jes\u00fas Romero&nbsp;L\u00f3pez,&nbsp;titular de la Secretaria&nbsp;de Gobierno&nbsp;a Guadalupe Victoria Mixe, quien acudi\u00f3 con representantes de otras instituciones del gobierno.&nbsp;<\/p>\n\n\n\n<p>El funcionario estatal anunci\u00f3&nbsp;en&nbsp;la&nbsp;asamblea comunitaria:&nbsp;\u201cel regreso a clases y la reapertura del Centro de Salud, entre otras cosas&nbsp;\u2026\u201d, toda vez que eran derechos humanos que no pod\u00eda seguirse postergando y que a&nbsp;m\u00e1s&nbsp;tardar en 20&nbsp;d\u00edas&nbsp;se reactivar\u00edan los servicios de educaci\u00f3n y salud.<\/p>\n\n\n\n<p>Sin embargo, es la fecha&nbsp;en que&nbsp;no&nbsp;han cumplido su palabra, \u201cla esperanza sembrada en&nbsp;los ni\u00f1os, ni\u00f1as y adolescentes y nuestra&nbsp;comunidad&nbsp;ind\u00edgena&nbsp;se ha ido consumiendo al paso de los d\u00edas\u201d, expusieron.<\/p>\n\n\n\n<p>La comunidad de Guadalupe Victoria Mixe,&nbsp;conf\u00eda en&nbsp;la justicia federal para que&nbsp;les&nbsp;concedan&nbsp;el amparo y&nbsp;la&nbsp;protecci\u00f3n para que a&nbsp;la brevedad posible se retomen las actividades escolares y los servicios de salud, ya que desde&nbsp;del&nbsp;2017 en la comunidad de Guadalupe Victoria Mixe, se quedaron sin estos servicios.<\/p>\n\n\n\n<p>\u201cLe recordamos al gobierno de&nbsp;la Primavera Oaxaque\u00f1a que&nbsp;en su toma de protesta jur\u00f3 respetar la&nbsp;Constituci\u00f3n&nbsp;Pol\u00edtica de los Estados Unidos Mexicanos&nbsp;y las leyes que de ella emanen, juramento que han violentado, particularmente lo que&nbsp;se\u00f1ala en el art\u00edculo 1 referente a los derechos humanos.&nbsp;<\/p>\n\n\n\n<p>\u201cLos padres de familia condenan que a&nbsp;pleno siglo XXI y a la luz de los derechos humanos&nbsp;la comunidad&nbsp;de Guadalupe Victoria, Mixe&nbsp;se le criminalice y se limite el ejercicio de&nbsp;los derechos humanos,&nbsp;as\u00ed como de las garant\u00edas para su protecci\u00f3n, cuyo ejercicio no&nbsp;deber\u00edarestringirse ni suspenderse\u201d, expusieron.<\/p>\n","protected":false},"excerpt":{"rendered":"<p>Raymundo Morales\/Zona Roja. Oaxaca de Ju\u00e1rez, Oax., a 23 de noviembre de 2024.- Los&nbsp;padres y&hellip;<\/p>\n","protected":false},"author":2,"featured_media":74773,"comment_status":"closed","ping_status":"open","sticky":false,"template":"","format":"standard","meta":{"_lmt_disableupdate":"","_lmt_disable":"","_jetpack_memberships_contains_paid_content":false,"footnotes":""},"categories":[109,47],"tags":[2822],"class_list":["post-74772","post","type-post","status-publish","format-standard","has-post-thumbnail","hentry","category-minuto-a-minuto","category-zona-gris","tag-san-juan-juquila-mixe"],"jetpack_featured_media_url":"https:\/\/zonaroja.com.mx\/wp-content\/uploads\/2024\/11\/Guadalupe-Victoria-San-Juan-Juquila-Mixe.jpg","jetpack_sharing_enabled":true,"_links":{"self":[{"href":"https:\/\/zonaroja.com.mx\/index.php?rest_route=\/wp\/v2\/posts\/74772","targetHints":{"allow":["GET"]}}],"collection":[{"href":"https:\/\/zonaroja.com.mx\/index.php?rest_route=\/wp\/v2\/posts"}],"about":[{"href":"https:\/\/zonaroja.com.mx\/index.php?rest_route=\/wp\/v2\/types\/post"}],"author":[{"embeddable":true,"href":"https:\/\/zonaroja.com.mx\/index.php?rest_route=\/wp\/v2\/users\/2"}],"replies":[{"embeddable":true,"href":"https:\/\/zonaroja.com.mx\/index.php?rest_route=%2Fwp%2Fv2%2Fcomments&post=74772"}],"version-history":[{"count":2,"href":"https:\/\/zonaroja.com.mx\/index.php?rest_route=\/wp\/v2\/posts\/74772\/revisions"}],"predecessor-version":[{"id":74780,"href":"https:\/\/zonaroja.com.mx\/index.php?rest_route=\/wp\/v2\/posts\/74772\/revisions\/74780"}],"wp:featuredmedia":[{"embeddable":true,"href":"https:\/\/zonaroja.com.mx\/index.php?rest_route=\/wp\/v2\/media\/74773"}],"wp:attachment":[{"href":"https:\/\/zonaroja.com.mx\/index.php?rest_route=%2Fwp%2Fv2%2Fmedia&parent=74772"}],"wp:term":[{"taxonomy":"category","embeddable":true,"href":"https:\/\/zonaroja.com.mx\/index.php?rest_route=%2Fwp%2Fv2%2Fcategories&post=74772"},{"taxonomy":"post_tag","embeddable":true,"href":"https:\/\/zonaroja.com.mx\/index.php?rest_route=%2Fwp%2Fv2%2Ftags&post=74772"}],"curies":[{"name":"wp","href":"https:\/\/api.w.org\/{rel}","templated":true}]}}