{"id":74778,"date":"2024-11-23T13:24:00","date_gmt":"2024-11-23T19:24:00","guid":{"rendered":"https:\/\/zonaroja.com.mx\/?p=74778"},"modified":"2024-11-23T09:25:13","modified_gmt":"2024-11-23T15:25:13","slug":"otra-vez-errores-por-prisas-en-la-camara-de-diputados-borran-supremacia-constitucional","status":"publish","type":"post","link":"https:\/\/zonaroja.com.mx\/?p=74778","title":{"rendered":"Otra vez errores por prisas en la C\u00e1mara de Diputados; borran \u201csupremac\u00eda constitucional\u201d"},"content":{"rendered":"\n<p>Redacci\u00f3n\/Zona Roja Cdmx.<\/p>\n\n\n\n<p>Ciudad de M\u00e9xico, a 23 de noviembre de 2024.- Diputados de los partidos Revolucionario Institucional (PRI) y Acci\u00f3n Nacional (PAN) aseguraron que durante la votaci\u00f3n de las reformas constitucionales que extinguieron a los \u00f3rganos aut\u00f3nomos, Morena elimin\u00f3 por error la reforma de \u201csupremac\u00eda constitucional\u201d.<\/p>\n\n\n\n<p>El jueves, la C\u00e1mara de Diputados reform\u00f3 -con los votos de Morena y sus aliados- nueve art\u00edculos de la Constituci\u00f3n para extinguir siete \u00f3rganos como el INAI; uno de los cambios fue al 105, que apenas en octubre modific\u00f3 en materia de inimpugnabilidad.<\/p>\n\n\n\n<p>Con esta reforma, se estableci\u00f3 que no proceden amparos, acciones de inconstitucionalidad ni controversias constitucionales contra reformas del Congreso a la Carta Magna; tampoco ser\u00e1n impugnables los cambios constitucionales que al momento de la enmienda estuvieran en tr\u00e1mite.<\/p>\n\n\n\n<p>Ese cambio implica un \u201cblindaje\u201d a las reformas que Morena ha emprendido y las que realice en un futuro, de ah\u00ed la relevancia para la llamada \u201cCuarta Transformaci\u00f3n\u201d.<\/p>\n\n\n\n<p>Pero ahora, de acuerdo a los l\u00edderes del PRI y el PAN en la C\u00e1mara de Diputados, Rub\u00e9n Moreira y Noem\u00ed Luna, respectivamente, en el dictamen votado no se incluy\u00f3 el apartado de la \u00absupremac\u00eda constitucional\u00bb, ya que la dictaminaci\u00f3n ocurri\u00f3 desde agosto, en la 66 Legislatura, cuando eso no exist\u00eda y Morena vio necesaria esa reforma cuando empez\u00f3 a ser impugnada la reforma judicial.<\/p>\n\n\n\n<p>Al eliminar a los oganismos aut\u00f3nomos, coincidieron Luna y el diputado panista, Federico D\u00f6ring, los morenistas no se dieron cuenta que en varios art\u00edculos eliminaron p\u00e1rrafos completos recientemente aprobados.<\/p>\n\n\n\n<p>\u201cLo leyeron, tienen asesores jur\u00eddicos, los asesores jur\u00eddicos no les dijeron, no metieron reservas para arreglar ese tema\u201d a\u00f1adi\u00f3 Moreira, del PRI.<\/p>\n\n\n\n<p>Ahora lo grave es que eso lo quieren componer a trav\u00e9s de una fe de erratas, explic\u00f3 Moreira, cuando debieron, v\u00eda reservas, considerar que esa parte de supremac\u00eda ya estaba en la Constituci\u00f3n.<\/p>\n\n\n\n<p>En su apresuramiento, a\u00f1adi\u00f3 el priista, \u201cpero sobre todo en su soberbia\u201d, en el art\u00edculo 105 se eliminaron los dos p\u00e1rrafos modificados en octubre.<\/p>\n\n\n\n<p>\u00abEn teor\u00eda tendr\u00eda que irse al Senado, que ellos all\u00e1 lo cambiaran y nos lo regresaran a nosotros para arreglarlo, pero no viene la discusi\u00f3n de lo votado, no de lo manipulado, de lo votado, si eso no sucede se acab\u00f3 el congreso mexicano, se puede legislar a oscuras y se puede legislar con fe de erratas\u00bb, apunt\u00f3 Moreira.<\/p>\n\n\n\n<p>(Informaci\u00f3n de \u201cExpansi\u00f3n Pol\u00edtica\u201d)<\/p>\n","protected":false},"excerpt":{"rendered":"<p>Redacci\u00f3n\/Zona Roja Cdmx. Ciudad de M\u00e9xico, a 23 de noviembre de 2024.- Diputados de los&hellip;<\/p>\n","protected":false},"author":2,"featured_media":67624,"comment_status":"closed","ping_status":"open","sticky":false,"template":"","format":"standard","meta":{"_lmt_disableupdate":"","_lmt_disable":"","_jetpack_memberships_contains_paid_content":false,"footnotes":""},"categories":[109,47],"tags":[],"class_list":["post-74778","post","type-post","status-publish","format-standard","has-post-thumbnail","hentry","category-minuto-a-minuto","category-zona-gris"],"jetpack_featured_media_url":"https:\/\/zonaroja.com.mx\/wp-content\/uploads\/2024\/04\/Aprueba-Camara-de-Diputados-Ley-de-Amnistia.webp","jetpack_sharing_enabled":true,"_links":{"self":[{"href":"https:\/\/zonaroja.com.mx\/index.php?rest_route=\/wp\/v2\/posts\/74778","targetHints":{"allow":["GET"]}}],"collection":[{"href":"https:\/\/zonaroja.com.mx\/index.php?rest_route=\/wp\/v2\/posts"}],"about":[{"href":"https:\/\/zonaroja.com.mx\/index.php?rest_route=\/wp\/v2\/types\/post"}],"author":[{"embeddable":true,"href":"https:\/\/zonaroja.com.mx\/index.php?rest_route=\/wp\/v2\/users\/2"}],"replies":[{"embeddable":true,"href":"https:\/\/zonaroja.com.mx\/index.php?rest_route=%2Fwp%2Fv2%2Fcomments&post=74778"}],"version-history":[{"count":1,"href":"https:\/\/zonaroja.com.mx\/index.php?rest_route=\/wp\/v2\/posts\/74778\/revisions"}],"predecessor-version":[{"id":74779,"href":"https:\/\/zonaroja.com.mx\/index.php?rest_route=\/wp\/v2\/posts\/74778\/revisions\/74779"}],"wp:featuredmedia":[{"embeddable":true,"href":"https:\/\/zonaroja.com.mx\/index.php?rest_route=\/wp\/v2\/media\/67624"}],"wp:attachment":[{"href":"https:\/\/zonaroja.com.mx\/index.php?rest_route=%2Fwp%2Fv2%2Fmedia&parent=74778"}],"wp:term":[{"taxonomy":"category","embeddable":true,"href":"https:\/\/zonaroja.com.mx\/index.php?rest_route=%2Fwp%2Fv2%2Fcategories&post=74778"},{"taxonomy":"post_tag","embeddable":true,"href":"https:\/\/zonaroja.com.mx\/index.php?rest_route=%2Fwp%2Fv2%2Ftags&post=74778"}],"curies":[{"name":"wp","href":"https:\/\/api.w.org\/{rel}","templated":true}]}}