{"id":74781,"date":"2024-11-23T12:40:00","date_gmt":"2024-11-23T18:40:00","guid":{"rendered":"https:\/\/zonaroja.com.mx\/?p=74781"},"modified":"2024-11-23T11:45:36","modified_gmt":"2024-11-23T17:45:36","slug":"confirman-que-sera-por-tombola-eleccion-de-jueces-y-magistrados","status":"publish","type":"post","link":"https:\/\/zonaroja.com.mx\/?p=74781","title":{"rendered":"Confirman que ser\u00e1 por t\u00f3mbola elecci\u00f3n de jueces y magistrados"},"content":{"rendered":"\n<p>Redacci\u00f3n\/Zona Roja Cdmx.<\/p>\n\n\n\n<p>Ciudad de M\u00e9xico. La Sala Superior del Tribunal Electoral del Poder Judicial de la Federaci\u00f3n (TEPJF) confirm\u00f3 la t\u00f3mbola, convocatoria, plazos y comit\u00e9s de evaluaci\u00f3n para el proceso de elecci\u00f3n de personas juzgadoras, programada para el 1 de junio del a\u00f1o pr\u00f3ximo.<\/p>\n\n\n\n<p>La mayor\u00eda integrada por los magistrados M\u00f3nica Soto (presidenta), Felipe de la Mata y Felipe Fuentes se impuso a los proyectos y criterios de Reyes Rodr\u00edguez y Janine Ot\u00e1lora.<\/p>\n\n\n\n<p>En sesi\u00f3n p\u00fablica, realizada por videoconferencia, esta Sala Superior subray\u00f3 que no puede suspender la estructura de esta elecci\u00f3n y, frente al presunto incumplimiento del principio de paridad, indic\u00f3 que este deber\u00e1 ser aplicable en todos los cargos que tomen posesi\u00f3n del puesto, a partir del 1 de septiembre de 2025.<\/p>\n\n\n\n<p>De la convocatoria se\u00f1al\u00f3 que es acorde a lo establecido por la Constituci\u00f3n y respeta el principio de paridad de g\u00e9nero.<\/p>\n\n\n\n<p>El TEPJF solo pedir\u00e1 al Senado que informe respecto a las personas juzgadoras que no tienen adscripci\u00f3n definitiva u ocupen una plaza interina.<\/p>\n\n\n\n<p>Tambi\u00e9n en votaci\u00f3n dividida, esta Sala Superior determin\u00f3 que no hay restricci\u00f3n indebida en el plazo para que los juzgadores tomen la decisi\u00f3n de contender en la elecci\u00f3n o declinar, y que la inclusi\u00f3n de los nombres de quienes s\u00ed participar\u00e1n atiende al principio de m\u00e1xima publicidad y transparencia.<\/p>\n\n\n\n<p>Igualmente confirm\u00f3 las convocatorias emitidas por los comit\u00e9s de evaluaci\u00f3n de los tres Poderes de la Uni\u00f3n para participar en la evaluaci\u00f3n y selecci\u00f3n de postulaciones.<\/p>\n\n\n\n<p>Una parte de los 138 asuntos generales y 337 juicios de la ciudadan\u00eda, agrupados en 275 medios de impugnaci\u00f3n, fueron interpuestos por jueces y magistrados en activo, cuyos argumentos fueron rechazados por la mayor\u00eda en referencia.<\/p>\n\n\n\n<p>La divisi\u00f3n entre los magistrados del TEPJF fue&nbsp; m\u00e1s evidente cuando Rodr\u00edguez acus\u00f3 irregularidades en el sistema de turnos de los expedientes y advirti\u00f3 que esto \u201cafecta la percepci\u00f3n de imparcialidad del Tribunal, al sugerir que las decisiones sobre cambios de v\u00eda dependen de qu\u00e9 ponencia los propone y no de sus m\u00e9ritos jur\u00eddicos\u201d.<\/p>\n\n\n\n<p>Luego propuso declarar ilegal la convocatoria y repetir la t\u00f3mbola, porque en su criterio el Senado no sigui\u00f3 el procedimiento establecido en el decreto de la reforma judicial, y tampoco tom\u00f3 en cuenta la especializaci\u00f3n por materia, las vacantes, ni el an\u00e1lisis por cada uno de los 32 circuitos judiciales.<\/p>\n\n\n\n<p>Opin\u00f3 que el proceso de insaculaci\u00f3n no debieron incluirse las plazas de magistratura de circuito y juzgados de distrito cuyas titulares sean mujeres.<\/p>\n\n\n\n<p>Argument\u00f3 que en la integraci\u00f3n actual 80.2 por ciento de los cargos de magistraturas son ocupados por hombres, mientras que en los juzgados, solo 36.8 por ciento son encabezadas por mujeres.<\/p>\n\n\n\n<p>\u201cDe las 184 magistradas mujeres que actualmente ocupan el cargo, 74 fueron insaculadas, dejando la brecha de g\u00e9nero pr\u00e1cticamente intacta. Lo mismo ocurre con las juezas, de las 266 mujeres en ese cargo, 101 resultaron insaculadas. Ello refleja la necesidad de implementar acciones afirmativas claras y efectivas, que realmente reduzcan las paridades existentes\u201d.<\/p>\n\n\n\n<p>(Informaci\u00f3n de \u201cLa Jornada\u201d)<\/p>\n","protected":false},"excerpt":{"rendered":"<p>Redacci\u00f3n\/Zona Roja Cdmx. Ciudad de M\u00e9xico. La Sala Superior del Tribunal Electoral del Poder Judicial&hellip;<\/p>\n","protected":false},"author":2,"featured_media":74782,"comment_status":"closed","ping_status":"open","sticky":false,"template":"","format":"standard","meta":{"_lmt_disableupdate":"","_lmt_disable":"","_jetpack_memberships_contains_paid_content":false,"footnotes":""},"categories":[109,47],"tags":[3707],"class_list":["post-74781","post","type-post","status-publish","format-standard","has-post-thumbnail","hentry","category-minuto-a-minuto","category-zona-gris","tag-poder-judicial-de-la-federacion"],"jetpack_featured_media_url":"https:\/\/zonaroja.com.mx\/wp-content\/uploads\/2024\/11\/Tombola-poder-judicial-eleccion.jpeg","jetpack_sharing_enabled":true,"_links":{"self":[{"href":"https:\/\/zonaroja.com.mx\/index.php?rest_route=\/wp\/v2\/posts\/74781","targetHints":{"allow":["GET"]}}],"collection":[{"href":"https:\/\/zonaroja.com.mx\/index.php?rest_route=\/wp\/v2\/posts"}],"about":[{"href":"https:\/\/zonaroja.com.mx\/index.php?rest_route=\/wp\/v2\/types\/post"}],"author":[{"embeddable":true,"href":"https:\/\/zonaroja.com.mx\/index.php?rest_route=\/wp\/v2\/users\/2"}],"replies":[{"embeddable":true,"href":"https:\/\/zonaroja.com.mx\/index.php?rest_route=%2Fwp%2Fv2%2Fcomments&post=74781"}],"version-history":[{"count":1,"href":"https:\/\/zonaroja.com.mx\/index.php?rest_route=\/wp\/v2\/posts\/74781\/revisions"}],"predecessor-version":[{"id":74783,"href":"https:\/\/zonaroja.com.mx\/index.php?rest_route=\/wp\/v2\/posts\/74781\/revisions\/74783"}],"wp:featuredmedia":[{"embeddable":true,"href":"https:\/\/zonaroja.com.mx\/index.php?rest_route=\/wp\/v2\/media\/74782"}],"wp:attachment":[{"href":"https:\/\/zonaroja.com.mx\/index.php?rest_route=%2Fwp%2Fv2%2Fmedia&parent=74781"}],"wp:term":[{"taxonomy":"category","embeddable":true,"href":"https:\/\/zonaroja.com.mx\/index.php?rest_route=%2Fwp%2Fv2%2Fcategories&post=74781"},{"taxonomy":"post_tag","embeddable":true,"href":"https:\/\/zonaroja.com.mx\/index.php?rest_route=%2Fwp%2Fv2%2Ftags&post=74781"}],"curies":[{"name":"wp","href":"https:\/\/api.w.org\/{rel}","templated":true}]}}