{"id":74786,"date":"2024-11-23T13:50:00","date_gmt":"2024-11-23T19:50:00","guid":{"rendered":"https:\/\/zonaroja.com.mx\/?p=74786"},"modified":"2024-11-23T11:52:47","modified_gmt":"2024-11-23T17:52:47","slug":"continua-profesionalizacion-del-personal-de-la-fiscalia-anticorrupcion","status":"publish","type":"post","link":"https:\/\/zonaroja.com.mx\/?p=74786","title":{"rendered":"Contin\u00faa profesionalizaci\u00f3n del personal de la Fiscal\u00eda Anticorrupci\u00f3n\u00a0"},"content":{"rendered":"\n<p>Redacci\u00f3n\/Zona Roja.<\/p>\n\n\n\n<p>Oaxaca de Ju\u00e1rez, Oax., a 23 de noviembre de 2024.- La titular de la Fiscal\u00eda Especializada en Materia de Combate a la Corrupci\u00f3n, Karina Reyes Avila, destac\u00f3 que en esta nueva etapa de transformaci\u00f3n y de reciente obtenci\u00f3n de la autonom\u00eda presupuestal, se encuentran frente a la oportunidad de crear una ruta interna que ponga freno a las pr\u00e1cticas de corrupci\u00f3n con un enfoque de principios y valores al servicio de la ciudadan\u00eda.<\/p>\n\n\n\n<p>Durante el primer d\u00eda de trabajos llevados a cabo en el marco del programa de profesionalizaci\u00f3n de las y los servidores p\u00fablicos de la FEMCCO, Abdel Rodr\u00edguez Cuapio, acad\u00e9mico de la Universidad Aut\u00f3noma de Tlaxcala (UATx), enfatiz\u00f3 la importancia de la \u00e9tica como un conjunto de valores que sirven para guiar el actuar de las y los servidores p\u00fablicos.<\/p>\n\n\n\n<p>El tema central fue la construcci\u00f3n de un C\u00f3digo de \u00c9tica claro que deben cumplir todas las personas que desempe\u00f1en un empleo, cargo o comisi\u00f3n en la instituci\u00f3n en cualquiera de sus niveles jer\u00e1rquicos.&nbsp;<\/p>\n\n\n\n<p>Asimismo, Abdel Rodr\u00edguez, se\u00f1al\u00f3 que de manera paralela debe integrarse un C\u00f3digo de Conducta donde se plasmen principios claros y concretos en favor de establecer mejores pr\u00e1cticas institucionales orientadas a trabajar por y para la ciudadan\u00eda en materia de combate a la corrupci\u00f3n.<\/p>\n","protected":false},"excerpt":{"rendered":"<p>Redacci\u00f3n\/Zona Roja. Oaxaca de Ju\u00e1rez, Oax., a 23 de noviembre de 2024.- La titular de&hellip;<\/p>\n","protected":false},"author":2,"featured_media":74788,"comment_status":"closed","ping_status":"open","sticky":false,"template":"","format":"standard","meta":{"_lmt_disableupdate":"","_lmt_disable":"","_jetpack_memberships_contains_paid_content":false,"footnotes":""},"categories":[109,46],"tags":[681],"class_list":["post-74786","post","type-post","status-publish","format-standard","has-post-thumbnail","hentry","category-minuto-a-minuto","category-zona-blanca","tag-fiscalia-anticorrupcion"],"jetpack_featured_media_url":"https:\/\/zonaroja.com.mx\/wp-content\/uploads\/2024\/11\/Capacitacion-Fiscalia-Anticorrupcion.jpg","jetpack_sharing_enabled":true,"_links":{"self":[{"href":"https:\/\/zonaroja.com.mx\/index.php?rest_route=\/wp\/v2\/posts\/74786","targetHints":{"allow":["GET"]}}],"collection":[{"href":"https:\/\/zonaroja.com.mx\/index.php?rest_route=\/wp\/v2\/posts"}],"about":[{"href":"https:\/\/zonaroja.com.mx\/index.php?rest_route=\/wp\/v2\/types\/post"}],"author":[{"embeddable":true,"href":"https:\/\/zonaroja.com.mx\/index.php?rest_route=\/wp\/v2\/users\/2"}],"replies":[{"embeddable":true,"href":"https:\/\/zonaroja.com.mx\/index.php?rest_route=%2Fwp%2Fv2%2Fcomments&post=74786"}],"version-history":[{"count":1,"href":"https:\/\/zonaroja.com.mx\/index.php?rest_route=\/wp\/v2\/posts\/74786\/revisions"}],"predecessor-version":[{"id":74789,"href":"https:\/\/zonaroja.com.mx\/index.php?rest_route=\/wp\/v2\/posts\/74786\/revisions\/74789"}],"wp:featuredmedia":[{"embeddable":true,"href":"https:\/\/zonaroja.com.mx\/index.php?rest_route=\/wp\/v2\/media\/74788"}],"wp:attachment":[{"href":"https:\/\/zonaroja.com.mx\/index.php?rest_route=%2Fwp%2Fv2%2Fmedia&parent=74786"}],"wp:term":[{"taxonomy":"category","embeddable":true,"href":"https:\/\/zonaroja.com.mx\/index.php?rest_route=%2Fwp%2Fv2%2Fcategories&post=74786"},{"taxonomy":"post_tag","embeddable":true,"href":"https:\/\/zonaroja.com.mx\/index.php?rest_route=%2Fwp%2Fv2%2Ftags&post=74786"}],"curies":[{"name":"wp","href":"https:\/\/api.w.org\/{rel}","templated":true}]}}