{"id":74790,"date":"2024-11-23T16:02:36","date_gmt":"2024-11-23T22:02:36","guid":{"rendered":"https:\/\/zonaroja.com.mx\/?p=74790"},"modified":"2024-11-23T16:02:36","modified_gmt":"2024-11-23T22:02:36","slug":"pierde-oaxaca-terrenos-de-los-chimalapas-ante-chiapas","status":"publish","type":"post","link":"https:\/\/zonaroja.com.mx\/?p=74790","title":{"rendered":"Pierde Oaxaca terrenos de los Chimalapas ante Chiapas&nbsp;"},"content":{"rendered":"\n<p>Redacci\u00f3n\/Estado 20.<\/p>\n\n\n\n<p>Oaxaca de Ju\u00e1rez, Oax., a 23 de noviembre de 2024.-&nbsp;El Tribunal Unitario Agrario, con sede en el municipio de San Juan Bautista Tuxtepec, reconoci\u00f3 como ejidos a las comunidades Cana\u00e1n y Rafael Cal y Mayor del estado de Chiapas, pero las cuales est\u00e1n asentadas en el territorio de los Chimalapas de Oaxaca.<\/p>\n\n\n\n<p>Vidal L\u00f3pez Hern\u00e1ndez, presidente del comisariado de Bienes Comunales de Santa Mar\u00eda Chimalapas, explic\u00f3 a trav\u00e9s de sus redes sociales que la resoluci\u00f3n del Tribunal reconoce que las dos localidades chiapanecas se fundaron en territorio de Oaxaca.<\/p>\n\n\n\n<p>Pero tambi\u00e9n establece que su fundaci\u00f3n es legal porque cuentan con una resoluci\u00f3n presidencial de la Secretar\u00eda de la Reforma Agraria. Por lo que no hay claridad en la sentencia y deja la incertidumbre.<\/p>\n\n\n\n<p>La autoridad agraria adelant\u00f3 que ma\u00f1ana han convocado a una asamblea general de la comunidad para determinar qu\u00e9 tipo de acciones van a tomar con el objetivo de reclamar certeza jur\u00eddica.<\/p>\n\n\n\n<p>Esta resoluci\u00f3n del Tribunal Unitario Agrario representa una primera derrota jur\u00eddica para las comunidades de Santa Mar\u00eda y San Miguel Chimalapas, quienes su caso es llevado por el ex consejero jur\u00eddico del gobierno de Oaxaca, V\u00edctor Hugo Alejo Torres.<\/p>\n\n\n\n<p>(Nota de Juan Carlos Zavala) <\/p>\n","protected":false},"excerpt":{"rendered":"<p>Redacci\u00f3n\/Estado 20. Oaxaca de Ju\u00e1rez, Oax., a 23 de noviembre de 2024.-&nbsp;El Tribunal Unitario Agrario,&hellip;<\/p>\n","protected":false},"author":2,"featured_media":74787,"comment_status":"closed","ping_status":"open","sticky":false,"template":"","format":"standard","meta":{"_lmt_disableupdate":"","_lmt_disable":"","_jetpack_memberships_contains_paid_content":false,"footnotes":""},"categories":[109,47],"tags":[],"class_list":["post-74790","post","type-post","status-publish","format-standard","has-post-thumbnail","hentry","category-minuto-a-minuto","category-zona-gris"],"jetpack_featured_media_url":"https:\/\/zonaroja.com.mx\/wp-content\/uploads\/2024\/11\/Victor-Hugo-Alejo-Chuimalapas.jpg","jetpack_sharing_enabled":true,"_links":{"self":[{"href":"https:\/\/zonaroja.com.mx\/index.php?rest_route=\/wp\/v2\/posts\/74790","targetHints":{"allow":["GET"]}}],"collection":[{"href":"https:\/\/zonaroja.com.mx\/index.php?rest_route=\/wp\/v2\/posts"}],"about":[{"href":"https:\/\/zonaroja.com.mx\/index.php?rest_route=\/wp\/v2\/types\/post"}],"author":[{"embeddable":true,"href":"https:\/\/zonaroja.com.mx\/index.php?rest_route=\/wp\/v2\/users\/2"}],"replies":[{"embeddable":true,"href":"https:\/\/zonaroja.com.mx\/index.php?rest_route=%2Fwp%2Fv2%2Fcomments&post=74790"}],"version-history":[{"count":1,"href":"https:\/\/zonaroja.com.mx\/index.php?rest_route=\/wp\/v2\/posts\/74790\/revisions"}],"predecessor-version":[{"id":74791,"href":"https:\/\/zonaroja.com.mx\/index.php?rest_route=\/wp\/v2\/posts\/74790\/revisions\/74791"}],"wp:featuredmedia":[{"embeddable":true,"href":"https:\/\/zonaroja.com.mx\/index.php?rest_route=\/wp\/v2\/media\/74787"}],"wp:attachment":[{"href":"https:\/\/zonaroja.com.mx\/index.php?rest_route=%2Fwp%2Fv2%2Fmedia&parent=74790"}],"wp:term":[{"taxonomy":"category","embeddable":true,"href":"https:\/\/zonaroja.com.mx\/index.php?rest_route=%2Fwp%2Fv2%2Fcategories&post=74790"},{"taxonomy":"post_tag","embeddable":true,"href":"https:\/\/zonaroja.com.mx\/index.php?rest_route=%2Fwp%2Fv2%2Ftags&post=74790"}],"curies":[{"name":"wp","href":"https:\/\/api.w.org\/{rel}","templated":true}]}}