{"id":74793,"date":"2024-11-23T20:31:21","date_gmt":"2024-11-24T02:31:21","guid":{"rendered":"https:\/\/zonaroja.com.mx\/?p=74793"},"modified":"2024-11-23T20:31:21","modified_gmt":"2024-11-24T02:31:21","slug":"vuelven-conflictos-a-la-utvco-estallaran-huelga-el-lunes","status":"publish","type":"post","link":"https:\/\/zonaroja.com.mx\/?p=74793","title":{"rendered":"Vuelven conflictos a la UTVCO; estallar\u00e1n huelga el lunes"},"content":{"rendered":"\n<p>Redacci\u00f3n\/Estado 20.<\/p>\n\n\n\n<p>Oaxaca de Ju\u00e1rez, Oax., a 23 de noviembre de 2024.- Trabajadores de la Universidad Tecnol\u00f3gica de los Valles Centrales de Oaxaca (UTVCO) anunciaron el inicio de un paro indefinido de labores a partir del pr\u00f3ximo lunes 25 de noviembre de 2024, para exigir soluci\u00f3n a sus demandas.<\/p>\n\n\n\n<p>En un escrito dirigido a la comunidad estudiantil, madres, padres y tutores de la UTVCO, explicaron que el paro se debe a las transgresiones a sus derechos laborales como son el derecho a la estabilidad laboral, derecho a laborar en un ambiente libre de violencia, derecho a laborar en condiciones dignas, entre otros.<\/p>\n\n\n\n<p>Esto, puntualizaron, ha sido consecuencia de la falta de capacidad de la administraci\u00f3n encabezada por el Rector Sa\u00fal del Toro Zapi\u00e9n de dar soluci\u00f3n a sus leg\u00edtimas demandas que incluyen el respeto a los derechos laborales y el cese de la violencia, acoso y hostigamiento laboral de las que han sido v\u00edctimas desde el inicio de su administraci\u00f3n.<\/p>\n\n\n\n<p>\u201cAnte la falta de condiciones para el di\u00e1logo, restituci\u00f3n de nuestros derechos violentados y resoluci\u00f3n de nuestras peticiones, hemos decidido iniciar un paro indefinido de labores a partir del lunes 25 de noviembre del presente a\u00f1o\u201d.<\/p>\n\n\n\n<p>Los trabajadores tambi\u00e9n afirmaron que esta medida es consecuencia de los m\u00faltiples intentos de di\u00e1logo y negociaci\u00f3n que lamentablemente no han sido atendidos de manera directa por el Rector Sa\u00fal del Toro Zapi\u00e9n.<\/p>\n\n\n\n<p>\u201cObstaculizando las mesas de di\u00e1logo queriendo obligarnos a tratar con el Abogado General que nos agredi\u00f3 en d\u00edas pasados, demostrando una absoluta falta de capacidad para el cargo que ostenta\u201d.<\/p>\n\n\n\n<p>El prop\u00f3sito del paro indefinido de labores, es exigir soluci\u00f3n inmediata a nuestras peticiones ante la dif\u00edcil situaci\u00f3n que enfrentan como trabajadores, y exigiendo soluciones concretas a sus demandas, \u201clas cuales buscan evitar regresiones a nuestras condiciones laborales y asegurar un ambiente de trabajo justo y digno, y sobre todo libre de cualquier tipo de violencia\u201d.<\/p>\n","protected":false},"excerpt":{"rendered":"<p>Redacci\u00f3n\/Estado 20. Oaxaca de Ju\u00e1rez, Oax., a 23 de noviembre de 2024.- Trabajadores de la&hellip;<\/p>\n","protected":false},"author":2,"featured_media":74792,"comment_status":"closed","ping_status":"open","sticky":false,"template":"","format":"standard","meta":{"_lmt_disableupdate":"","_lmt_disable":"","_jetpack_memberships_contains_paid_content":false,"footnotes":""},"categories":[109,46],"tags":[],"class_list":["post-74793","post","type-post","status-publish","format-standard","has-post-thumbnail","hentry","category-minuto-a-minuto","category-zona-blanca"],"jetpack_featured_media_url":"https:\/\/zonaroja.com.mx\/wp-content\/uploads\/2024\/11\/img_3245-1.jpg","jetpack_sharing_enabled":true,"_links":{"self":[{"href":"https:\/\/zonaroja.com.mx\/index.php?rest_route=\/wp\/v2\/posts\/74793","targetHints":{"allow":["GET"]}}],"collection":[{"href":"https:\/\/zonaroja.com.mx\/index.php?rest_route=\/wp\/v2\/posts"}],"about":[{"href":"https:\/\/zonaroja.com.mx\/index.php?rest_route=\/wp\/v2\/types\/post"}],"author":[{"embeddable":true,"href":"https:\/\/zonaroja.com.mx\/index.php?rest_route=\/wp\/v2\/users\/2"}],"replies":[{"embeddable":true,"href":"https:\/\/zonaroja.com.mx\/index.php?rest_route=%2Fwp%2Fv2%2Fcomments&post=74793"}],"version-history":[{"count":1,"href":"https:\/\/zonaroja.com.mx\/index.php?rest_route=\/wp\/v2\/posts\/74793\/revisions"}],"predecessor-version":[{"id":74794,"href":"https:\/\/zonaroja.com.mx\/index.php?rest_route=\/wp\/v2\/posts\/74793\/revisions\/74794"}],"wp:featuredmedia":[{"embeddable":true,"href":"https:\/\/zonaroja.com.mx\/index.php?rest_route=\/wp\/v2\/media\/74792"}],"wp:attachment":[{"href":"https:\/\/zonaroja.com.mx\/index.php?rest_route=%2Fwp%2Fv2%2Fmedia&parent=74793"}],"wp:term":[{"taxonomy":"category","embeddable":true,"href":"https:\/\/zonaroja.com.mx\/index.php?rest_route=%2Fwp%2Fv2%2Fcategories&post=74793"},{"taxonomy":"post_tag","embeddable":true,"href":"https:\/\/zonaroja.com.mx\/index.php?rest_route=%2Fwp%2Fv2%2Ftags&post=74793"}],"curies":[{"name":"wp","href":"https:\/\/api.w.org\/{rel}","templated":true}]}}