{"id":74795,"date":"2024-11-24T07:29:00","date_gmt":"2024-11-24T13:29:00","guid":{"rendered":"https:\/\/zonaroja.com.mx\/?p=74795"},"modified":"2024-11-24T06:32:28","modified_gmt":"2024-11-24T12:32:28","slug":"condenan-a-34-anos-de-prision-a-el-chava-mato-a-una-mujer-en-huajuapan","status":"publish","type":"post","link":"https:\/\/zonaroja.com.mx\/?p=74795","title":{"rendered":"Condenan a 34 a\u00f1os de prisi\u00f3n a \u201cEl Chava\u201d; mat\u00f3 a una mujer en Huajuapan"},"content":{"rendered":"\n<p>Redacci\u00f3n\/Zona Roja.<\/p>\n\n\n\n<p>Oaxaca de Ju\u00e1rez, Oax., a 22 de noviembre de 2024.- Las labores de investigaci\u00f3n ministerial especializada que realiza la Fiscal\u00eda General del Estado de Oaxaca (FGEO), dieron como resultado la obtenci\u00f3n de un fallo condenatorio en contra de una persona del sexo masculino, identificada como Salvador L.H., alias \u201cEl Chava\u201d, por el delito de homicidio calificado con ventaja y lesiones calificadas con ventaja en agravio de dos personas, quien adem\u00e1s era considerado un objetivo prioritario en cuesti\u00f3n de seguridad en la regi\u00f3n de la Mixteca.<\/p>\n\n\n\n<p>De acuerdo al expediente penal, los hechos ocurrieron el 19 de abril de 2023, cuando las v\u00edctimas identificadas como D. S. C. y B. A. P. R., la primera del sexo femenino y el segundo masculino, se encontraban en las canchas de b\u00e1squetbol del Polideportivo de la colonia La Merced en el municipio de Huajuapan de Le\u00f3n, lugar donde lleg\u00f3 Salvador L.H., alias \u201cEl Chava\u00bb y, junto con otras personas agredieron con disparos de arma de fuego a las v\u00edctimas, privando de la vida a una de ellas y dejando con severas lesiones a la otra.<\/p>\n\n\n\n<p>Una vez que la FGEO tom\u00f3 conocimiento del caso inici\u00f3 las investigaciones a trav\u00e9s de la Fiscal\u00eda Especializada para la Atenci\u00f3n a Delitos de Alto Impacto, lo que permiti\u00f3 la detenci\u00f3n por orden aprehensi\u00f3n de Salvador L.H., alias \u201cEl Chava\u00bb, quien fue presentado ante la autoridad que lo requiri\u00f3.<\/p>\n\n\n\n<p>Luego de evaluar los datos de prueba aportados por la Fiscal\u00eda de Oaxaca, el Juez que atiende la causa en audiencia, dict\u00f3 fallo condenatorio contra el imputado Salvador L.H., alias \u201cEl Chava\u201d, por el delito de homicidio y lesiones calificadas con ventaja en agravio de dos personas.<\/p>\n\n\n\n<p>Es importante mencionar que, por este caso, la Fiscal\u00eda de Oaxaca ya obtuvo sentencia condenatoria de 34 a\u00f1os de prisi\u00f3n en contra de Jos\u00e9. M.C.S., alias \u00abEl Cabe\u00bb, por lo que suman dos homicidas sentenciados por los hechos.<\/p>\n\n\n\n<p>CONTRA ABUSADOR<\/p>\n\n\n\n<p>En otro caso, la Fiscal\u00eda General obtuvo una sentencia condenatoria de cuatro a\u00f1os y seis meses de prisi\u00f3n en contra de un hombre identificado como L.A.J.C., por el delito de Abuso Sexual Agravado, ocurrido en la regi\u00f3n de la Cuenca.<\/p>\n\n\n\n<p>De acuerdo con el expediente penal del caso, la agresi\u00f3n sexual ocurri\u00f3 en un terreno bald\u00edo, en jurisdicci\u00f3n de La Gran Lucha, comunidad perteneciente al municipio de San Juan Bautista Valle Nacional, lugar donde el imputado agredi\u00f3 a una adolescente (cuya identidad est\u00e1 reservada por ley).<\/p>\n\n\n\n<p>Ante estos hechos y tras la denuncia prestada, la FGEO inici\u00f3 una exhaustiva investigaci\u00f3n a trav\u00e9s de la Vicefiscal\u00eda Regional de la Cuenca, la cual permiti\u00f3 aprehender a L.A.J.C., para despu\u00e9s presentarlo ante el Juez para su proceso legal correspondiente.<\/p>\n\n\n\n<p>En audiencia y tras evaluar los datos de prueba emanados de las investigaciones ministeriales de la Fiscal\u00eda de Oaxaca, el Juez dict\u00f3 sentencia condenatoria de cuatro a\u00f1os y seis meses de prisi\u00f3n en contra de L.A.J.C., adem\u00e1s de imponer una multa econ\u00f3mica y el pago por concepto de reparaci\u00f3n del da\u00f1o, luego de demostrar su responsabilidad en la comisi\u00f3n del delito de abuso sexual agravado.<\/p>\n","protected":false},"excerpt":{"rendered":"<p>Redacci\u00f3n\/Zona Roja. Oaxaca de Ju\u00e1rez, Oax., a 22 de noviembre de 2024.- Las labores de&hellip;<\/p>\n","protected":false},"author":2,"featured_media":74796,"comment_status":"closed","ping_status":"open","sticky":false,"template":"","format":"standard","meta":{"_lmt_disableupdate":"","_lmt_disable":"","_jetpack_memberships_contains_paid_content":false,"footnotes":""},"categories":[109,46],"tags":[494],"class_list":["post-74795","post","type-post","status-publish","format-standard","has-post-thumbnail","hentry","category-minuto-a-minuto","category-zona-blanca","tag-fiscalia-general-del-estado-de-oaxaca"],"jetpack_featured_media_url":"https:\/\/zonaroja.com.mx\/wp-content\/uploads\/2024\/11\/Salvador-L-El-Chava-Huajuapan.png","jetpack_sharing_enabled":true,"_links":{"self":[{"href":"https:\/\/zonaroja.com.mx\/index.php?rest_route=\/wp\/v2\/posts\/74795","targetHints":{"allow":["GET"]}}],"collection":[{"href":"https:\/\/zonaroja.com.mx\/index.php?rest_route=\/wp\/v2\/posts"}],"about":[{"href":"https:\/\/zonaroja.com.mx\/index.php?rest_route=\/wp\/v2\/types\/post"}],"author":[{"embeddable":true,"href":"https:\/\/zonaroja.com.mx\/index.php?rest_route=\/wp\/v2\/users\/2"}],"replies":[{"embeddable":true,"href":"https:\/\/zonaroja.com.mx\/index.php?rest_route=%2Fwp%2Fv2%2Fcomments&post=74795"}],"version-history":[{"count":1,"href":"https:\/\/zonaroja.com.mx\/index.php?rest_route=\/wp\/v2\/posts\/74795\/revisions"}],"predecessor-version":[{"id":74797,"href":"https:\/\/zonaroja.com.mx\/index.php?rest_route=\/wp\/v2\/posts\/74795\/revisions\/74797"}],"wp:featuredmedia":[{"embeddable":true,"href":"https:\/\/zonaroja.com.mx\/index.php?rest_route=\/wp\/v2\/media\/74796"}],"wp:attachment":[{"href":"https:\/\/zonaroja.com.mx\/index.php?rest_route=%2Fwp%2Fv2%2Fmedia&parent=74795"}],"wp:term":[{"taxonomy":"category","embeddable":true,"href":"https:\/\/zonaroja.com.mx\/index.php?rest_route=%2Fwp%2Fv2%2Fcategories&post=74795"},{"taxonomy":"post_tag","embeddable":true,"href":"https:\/\/zonaroja.com.mx\/index.php?rest_route=%2Fwp%2Fv2%2Ftags&post=74795"}],"curies":[{"name":"wp","href":"https:\/\/api.w.org\/{rel}","templated":true}]}}