{"id":74799,"date":"2024-11-24T08:42:00","date_gmt":"2024-11-24T14:42:00","guid":{"rendered":"https:\/\/zonaroja.com.mx\/?p=74799"},"modified":"2024-11-24T06:59:41","modified_gmt":"2024-11-24T12:59:41","slug":"resurgen-acusaciones-entre-triquis-mult-denuncia-nueva-balacera","status":"publish","type":"post","link":"https:\/\/zonaroja.com.mx\/?p=74799","title":{"rendered":"Resurgen acusaciones entre triquis; MULT denuncia nueva balacera"},"content":{"rendered":"\n<p>Ismael Garc\u00eda M.\/Zona Roja.<\/p>\n\n\n\n<p>Oaxaca de Ju\u00e1rez, Oax., a 24 de noviembre de 2024.- La guerra medi\u00e1tica resurgi\u00f3 este fin de semana entre las organizaciones triquis de la regi\u00f3n Triqui de Oaxaca.<\/p>\n\n\n\n<p>El Movimiento de Unificaci\u00f3n y Lucha Triqui denuncio que este s\u00e1bado 23 de noviembre, la comunidad de Tierra Blanca Copala fue atacada a balazos con armas de grueso calibre.<\/p>\n\n\n\n<p>\u201cEl pasado 19 de noviembre de 2024, los autodenominados representantes del MULTI que estuvieron en la Secretar\u00eda de Gobernaci\u00f3n, hablaban de paz; hoy (ayer) 23 de noviembre sus paramilitares atacaron nuevamente a la comunidad hermana de Tierra Blanca\u2026 como una muestra de que este grup\u00fasculo no tiene palabra.&nbsp;<\/p>\n\n\n\n<p>\u201cHacemos responsables de estos hechos a Macario Garc\u00eda Merino y a Horacio Santiago Garc\u00eda como los autores intelectuales de estos ataques desde el 2020\u201d, se\u00f1alaron en un comunicado difundido este s\u00e1bado.<\/p>\n\n\n\n<p>La organizaci\u00f3n MULT demand\u00f3 al Gobierno del Estado ejerza su facultad para traer la gobernabilidad y no afirmar que son \u00abhechos aislados y problemillas\u201d.<\/p>\n\n\n\n<p>\u201cSeguimos esperando el esclarecimiento de todos y cada uno de los 17 cr\u00edmenes que se han cometido en este sexenio, castigo ejemplar para los autores materiales e intelectuales hasta las \u00faltimas consecuencias.<\/p>\n\n\n\n<p>\u201cExigimos en\u00e9rgicamente al Gobierno del Estado que cumpla su palabra que comprometi\u00f3 frente a la titular de la Secretaria de Gobernaci\u00f3n\u201d, detall\u00f3 en su comunicado.<\/p>\n\n\n\n<p>Apenas el pasado jueves 21 de noviembre, un integrante de la dirigencia del MULT denunci\u00f3 que sufri\u00f3 un atentado, cuando viajaba por la carretera a San Pedro Ixtlahuaca, en la regi\u00f3n Valles Centrales.<\/p>\n\n\n\n<p>Y el martes 19 de noviembre, por separado, las organizaciones MULT, MULTI y Ubisort, sostuvieron en la Ciudad de M\u00e9xico reuniones con la titular de la Secretar\u00eda de Gobernaci\u00f3n, Rosa Icela Rodr\u00edguez; en la primera de ellas estuvo el mandatario Salom\u00f3n Jara Cruz.<\/p>\n","protected":false},"excerpt":{"rendered":"<p>Ismael Garc\u00eda M.\/Zona Roja. Oaxaca de Ju\u00e1rez, Oax., a 24 de noviembre de 2024.- La&hellip;<\/p>\n","protected":false},"author":2,"featured_media":74804,"comment_status":"closed","ping_status":"open","sticky":false,"template":"","format":"standard","meta":{"_lmt_disableupdate":"","_lmt_disable":"","_jetpack_memberships_contains_paid_content":false,"footnotes":""},"categories":[109,47],"tags":[867,1712],"class_list":["post-74799","post","type-post","status-publish","format-standard","has-post-thumbnail","hentry","category-minuto-a-minuto","category-zona-gris","tag-movimiento-unificador-de-lucha-triqui-mult","tag-tierra-blanca-copala"],"jetpack_featured_media_url":"https:\/\/zonaroja.com.mx\/wp-content\/uploads\/2024\/11\/MULT-Movimiento-Triqui.jpg","jetpack_sharing_enabled":true,"_links":{"self":[{"href":"https:\/\/zonaroja.com.mx\/index.php?rest_route=\/wp\/v2\/posts\/74799","targetHints":{"allow":["GET"]}}],"collection":[{"href":"https:\/\/zonaroja.com.mx\/index.php?rest_route=\/wp\/v2\/posts"}],"about":[{"href":"https:\/\/zonaroja.com.mx\/index.php?rest_route=\/wp\/v2\/types\/post"}],"author":[{"embeddable":true,"href":"https:\/\/zonaroja.com.mx\/index.php?rest_route=\/wp\/v2\/users\/2"}],"replies":[{"embeddable":true,"href":"https:\/\/zonaroja.com.mx\/index.php?rest_route=%2Fwp%2Fv2%2Fcomments&post=74799"}],"version-history":[{"count":1,"href":"https:\/\/zonaroja.com.mx\/index.php?rest_route=\/wp\/v2\/posts\/74799\/revisions"}],"predecessor-version":[{"id":74806,"href":"https:\/\/zonaroja.com.mx\/index.php?rest_route=\/wp\/v2\/posts\/74799\/revisions\/74806"}],"wp:featuredmedia":[{"embeddable":true,"href":"https:\/\/zonaroja.com.mx\/index.php?rest_route=\/wp\/v2\/media\/74804"}],"wp:attachment":[{"href":"https:\/\/zonaroja.com.mx\/index.php?rest_route=%2Fwp%2Fv2%2Fmedia&parent=74799"}],"wp:term":[{"taxonomy":"category","embeddable":true,"href":"https:\/\/zonaroja.com.mx\/index.php?rest_route=%2Fwp%2Fv2%2Fcategories&post=74799"},{"taxonomy":"post_tag","embeddable":true,"href":"https:\/\/zonaroja.com.mx\/index.php?rest_route=%2Fwp%2Fv2%2Ftags&post=74799"}],"curies":[{"name":"wp","href":"https:\/\/api.w.org\/{rel}","templated":true}]}}