{"id":74807,"date":"2024-11-24T10:00:00","date_gmt":"2024-11-24T16:00:00","guid":{"rendered":"https:\/\/zonaroja.com.mx\/?p=74807"},"modified":"2024-11-24T07:17:03","modified_gmt":"2024-11-24T13:17:03","slug":"alertan-sobre-cuentas-falsas-a-nombre-del-titular-de-sefin","status":"publish","type":"post","link":"https:\/\/zonaroja.com.mx\/?p=74807","title":{"rendered":"Alertan sobre cuentas falsas a nombre del titular de la Secretar\u00eda de Finanzas"},"content":{"rendered":"\n<p>Redacci\u00f3n\/Zona Roja.<\/p>\n\n\n\n<p>Oaxaca de Ju\u00e1rez, Oax., a 25 de noviembre de 2024.- La Secretar\u00eda de Finanzas (Sefin) alerta a la ciudadan\u00eda, as\u00ed como a autoridades estatales y municipales de las ocho regiones de Oaxaca, sobre mensajes enviados de perfiles falsos a nombre del titular Farid Acevedo L\u00f3pez, intentando atribuir actos deshonestos, por lo que se exhorta a hacer caso omiso a los mensajes recibidos y a denunciar los perfiles falsos.<\/p>\n\n\n\n<p>La dependencia niega categ\u00f3ricamente que dichas cuentas y actos provengan del titular, o que sean administradas por su equipo de trabajo, ya que por ning\u00fan motivo los recursos estatales, ni cualquier tr\u00e1mite oficial se realizar\u00e1 por esa v\u00eda de comunicaci\u00f3n.<\/p>\n\n\n\n<p>La instituci\u00f3n reitera que todos los recursos del gobierno son asignados de forma transparente y conforme a la ley, no hay recursos extraordinarios.&nbsp;<\/p>\n\n\n\n<p>Se invita a la poblaci\u00f3n y funcionariado a no caer en acciones il\u00edcitas por ning\u00fan medio f\u00edsico o electr\u00f3nico en los que se ofrecen servicios para presuntamente gestionar un mayor presupuesto, asignar recursos y otros asuntos.<\/p>\n\n\n\n<p><\/p>\n","protected":false},"excerpt":{"rendered":"<p>Redacci\u00f3n\/Zona Roja. Oaxaca de Ju\u00e1rez, Oax., a 25 de noviembre de 2024.- La Secretar\u00eda de&hellip;<\/p>\n","protected":false},"author":2,"featured_media":74808,"comment_status":"closed","ping_status":"open","sticky":false,"template":"","format":"standard","meta":{"_lmt_disableupdate":"","_lmt_disable":"","_jetpack_memberships_contains_paid_content":false,"footnotes":""},"categories":[109,47],"tags":[2346],"class_list":["post-74807","post","type-post","status-publish","format-standard","has-post-thumbnail","hentry","category-minuto-a-minuto","category-zona-gris","tag-secretaria-de-finanzas-gobierno-de-oaxaca"],"jetpack_featured_media_url":"https:\/\/zonaroja.com.mx\/wp-content\/uploads\/2024\/11\/Cuenta-falsa-Farid-Acevedo-Lope.jpg","jetpack_sharing_enabled":true,"_links":{"self":[{"href":"https:\/\/zonaroja.com.mx\/index.php?rest_route=\/wp\/v2\/posts\/74807","targetHints":{"allow":["GET"]}}],"collection":[{"href":"https:\/\/zonaroja.com.mx\/index.php?rest_route=\/wp\/v2\/posts"}],"about":[{"href":"https:\/\/zonaroja.com.mx\/index.php?rest_route=\/wp\/v2\/types\/post"}],"author":[{"embeddable":true,"href":"https:\/\/zonaroja.com.mx\/index.php?rest_route=\/wp\/v2\/users\/2"}],"replies":[{"embeddable":true,"href":"https:\/\/zonaroja.com.mx\/index.php?rest_route=%2Fwp%2Fv2%2Fcomments&post=74807"}],"version-history":[{"count":2,"href":"https:\/\/zonaroja.com.mx\/index.php?rest_route=\/wp\/v2\/posts\/74807\/revisions"}],"predecessor-version":[{"id":74810,"href":"https:\/\/zonaroja.com.mx\/index.php?rest_route=\/wp\/v2\/posts\/74807\/revisions\/74810"}],"wp:featuredmedia":[{"embeddable":true,"href":"https:\/\/zonaroja.com.mx\/index.php?rest_route=\/wp\/v2\/media\/74808"}],"wp:attachment":[{"href":"https:\/\/zonaroja.com.mx\/index.php?rest_route=%2Fwp%2Fv2%2Fmedia&parent=74807"}],"wp:term":[{"taxonomy":"category","embeddable":true,"href":"https:\/\/zonaroja.com.mx\/index.php?rest_route=%2Fwp%2Fv2%2Fcategories&post=74807"},{"taxonomy":"post_tag","embeddable":true,"href":"https:\/\/zonaroja.com.mx\/index.php?rest_route=%2Fwp%2Fv2%2Ftags&post=74807"}],"curies":[{"name":"wp","href":"https:\/\/api.w.org\/{rel}","templated":true}]}}