{"id":74818,"date":"2024-11-24T17:48:02","date_gmt":"2024-11-24T23:48:02","guid":{"rendered":"https:\/\/zonaroja.com.mx\/?p=74818"},"modified":"2024-11-24T17:48:04","modified_gmt":"2024-11-24T23:48:04","slug":"asesinan-a-una-persona-en-pinotepa-muere-taxista-baleado-en-miahuatlan","status":"publish","type":"post","link":"https:\/\/zonaroja.com.mx\/?p=74818","title":{"rendered":"Asesinan a una persona en Pinotepa; muere taxista baleado en Miahuatl\u00e1n"},"content":{"rendered":"\n<p>Ismael Garc\u00eda M.\/Zona Roja.<\/p>\n\n\n\n<p>Oaxaca de Ju\u00e1rez, Oax., a 24 de noviembre de 2024.- Una persona del sexo masculino fue asesinada este domingo en el municipio coste\u00f1o de Santiago Pinotepa Nacional.<\/p>\n\n\n\n<p>Fue en la calle \u00c1lvaro Carrillo, en el centro de la cabecera municipal, en que fue atacado a balazos un joven, identificado con las iniciales J. V. M., quien perdi\u00f3 la vida en el lugar, seg\u00fan confirmaron los param\u00e9dicos.<\/p>\n\n\n\n<p>Personal de la Vicefiscal\u00eda Regional de la Costa ya investiga el caso, con la finalidad de dar con el paradero del o de los responsables del crimen.<\/p>\n\n\n\n<p>Por otra parte, este domingo se report\u00f3 el fallecimiento del taxista que fue atacado a balazos el pasado lunes 18 de noviembre en Miahuatl\u00e1n de Porfirio D\u00edaz.<\/p>\n\n\n\n<p>De acuerdo con los reportes policiacos, se trata de Pablo P. H., de 29 a\u00f1os de edad, quien fue acribillado en el interior de su unidad de motor del servicio de alquiler del sitio \u201cLibertad\u201d, en la calle 3 de Octubre, cerca de una instituci\u00f3n educativa.<\/p>\n\n\n\n<p>A una semana de los hechos, las autoridades ministeriales y corporaciones de seguridad no han dado con el paradero del o de los probables criminales.<\/p>\n","protected":false},"excerpt":{"rendered":"<p>Ismael Garc\u00eda M.\/Zona Roja. Oaxaca de Ju\u00e1rez, Oax., a 24 de noviembre de 2024.- Una&hellip;<\/p>\n","protected":false},"author":2,"featured_media":69311,"comment_status":"closed","ping_status":"open","sticky":false,"template":"","format":"standard","meta":{"_lmt_disableupdate":"","_lmt_disable":"","_jetpack_memberships_contains_paid_content":false,"footnotes":""},"categories":[109,51],"tags":[916],"class_list":["post-74818","post","type-post","status-publish","format-standard","has-post-thumbnail","hentry","category-minuto-a-minuto","category-zona-roja","tag-pinotepa-nacional"],"jetpack_featured_media_url":"https:\/\/zonaroja.com.mx\/wp-content\/uploads\/2024\/06\/Escena-asesinato-crimen-violencia.jpeg","jetpack_sharing_enabled":true,"_links":{"self":[{"href":"https:\/\/zonaroja.com.mx\/index.php?rest_route=\/wp\/v2\/posts\/74818","targetHints":{"allow":["GET"]}}],"collection":[{"href":"https:\/\/zonaroja.com.mx\/index.php?rest_route=\/wp\/v2\/posts"}],"about":[{"href":"https:\/\/zonaroja.com.mx\/index.php?rest_route=\/wp\/v2\/types\/post"}],"author":[{"embeddable":true,"href":"https:\/\/zonaroja.com.mx\/index.php?rest_route=\/wp\/v2\/users\/2"}],"replies":[{"embeddable":true,"href":"https:\/\/zonaroja.com.mx\/index.php?rest_route=%2Fwp%2Fv2%2Fcomments&post=74818"}],"version-history":[{"count":1,"href":"https:\/\/zonaroja.com.mx\/index.php?rest_route=\/wp\/v2\/posts\/74818\/revisions"}],"predecessor-version":[{"id":74819,"href":"https:\/\/zonaroja.com.mx\/index.php?rest_route=\/wp\/v2\/posts\/74818\/revisions\/74819"}],"wp:featuredmedia":[{"embeddable":true,"href":"https:\/\/zonaroja.com.mx\/index.php?rest_route=\/wp\/v2\/media\/69311"}],"wp:attachment":[{"href":"https:\/\/zonaroja.com.mx\/index.php?rest_route=%2Fwp%2Fv2%2Fmedia&parent=74818"}],"wp:term":[{"taxonomy":"category","embeddable":true,"href":"https:\/\/zonaroja.com.mx\/index.php?rest_route=%2Fwp%2Fv2%2Fcategories&post=74818"},{"taxonomy":"post_tag","embeddable":true,"href":"https:\/\/zonaroja.com.mx\/index.php?rest_route=%2Fwp%2Fv2%2Ftags&post=74818"}],"curies":[{"name":"wp","href":"https:\/\/api.w.org\/{rel}","templated":true}]}}