{"id":74828,"date":"2024-11-25T08:07:52","date_gmt":"2024-11-25T14:07:52","guid":{"rendered":"https:\/\/zonaroja.com.mx\/?p=74828"},"modified":"2024-11-25T08:07:55","modified_gmt":"2024-11-25T14:07:55","slug":"cuando-vamos-a-tener-paz-en-nuestros-pueblos-de-oaxaca-cuestiona-arzobispo","status":"publish","type":"post","link":"https:\/\/zonaroja.com.mx\/?p=74828","title":{"rendered":"\u00bfCu\u00e1ndo vamos a tener paz en nuestros pueblos de Oaxaca?, cuestiona Arzobispo"},"content":{"rendered":"\n<p>Ismael Garc\u00eda M.\/Zona Roja.<\/p>\n\n\n\n<p>Oaxaca de Ju\u00e1rez, Oax., a 25 de noviembre de 2024.- El Arzobispo de Antequera Oaxaca, Pedro V\u00e1zquez Villalobos, lament\u00f3 que en M\u00e9xico, al igual que en Oaxaca, no haya paz ni justicia.<\/p>\n\n\n\n<p>\u201cAl inicio de la misa le dije yo que aqu\u00ed estaban, en este recinto sagrado, unos magistrados y unos jueces, y tal vez usted diga: no hay justicia, porque los magistrados y los jueces no aplican la justicia\u201d, dijo en su mensaje este domingo, desde la Catedral de la capital.<\/p>\n\n\n\n<p>En seguida abord\u00f3 el tema de la inseguridad:<\/p>\n\n\n\n<p>\u201cMe preocupa la paz\u2026 En nuestro pa\u00eds no hay paz, sigue habiendo asesinatos, sigue habiendo tantas cosas y, como a veces les digo, \u00bfpara qu\u00e9 nos vamos al estado de Sinaloa, de Guanajuato, de Michoac\u00e1n, de Guerrero, de Chiapas, de Jalisco\u2026 v\u00e1monos quedando en Oaxaca.<\/p>\n\n\n\n<p>\u201cHace un momentito, cuando inici\u00e1bamos la misa, a ver, \u00bfd\u00f3nde est\u00e1 la paz? En nuestros pueblos, donde van unos ni\u00f1os tocando en una banda, tocando porque quieren celebrar a su Santa Patrona Santa Cecilia, el d\u00eda del m\u00fasico, 22 de noviembre, ah\u00ed van los ni\u00f1itos, por un camino de terracer\u00eda, caminando y tocando, en peregrinaci\u00f3n, hacia un lugar donde est\u00e1 esa imagencita de Santa Cecilia y quieren celebrarle la fiesta y, en su caminar, les disparan y se escucha a los ni\u00f1os que corren, que est\u00e1n desesperados, que tiene miedo y se escucha al ni\u00f1o que le alcanz\u00f3 una bala en su cuerpo\u201d.<\/p>\n\n\n\n<p>Esa referencia hizo respecto a los hechos ocurridos la ma\u00f1ana del viernes en la comunidad de Barranca Oscura, municipio de Santiago Amoltepec, donde hubo al menos tres personas lesionadas; un ni\u00f1o se salv\u00f3 porque una bala de grueso calibre impact\u00f3 en su tel\u00e9fono celular.<\/p>\n\n\n\n<p>\u201cEsto lo viven nuestros pueblos a\u00f1os y a\u00f1os, y no hay quien ponga remedio, nosotros llegamos a la mente y al coraz\u00f3n de las personas y les decimos: tomar las armas no es de hijos de Dios. Tomar las armas no son signos de paz, no son signos del amor, no son signos de la justicia, porque no vamos a hacer justicia con nuestras propias manos, s\u00f3lo vamos a sembrar venganza, odio y esto nunca se va a acabar\u201d, expuso el prelado.<\/p>\n\n\n\n<p>Llam\u00f3 a los padres de familia a evitar las confrontaciones, las venganzas, los odios, porque \u00e9stos derivan en m\u00e1s violencia.<\/p>\n\n\n\n<p>\u201cPap\u00e1, piensa en qu\u00e9 va a ser de tus hijos si tu sigues tomando las armas y te vas en contra de aquel pueblo. Se los decimos, una y otra vez, pero hasta ah\u00ed llegamos, nosotros no podemos avanzar, s\u00f3lo llegamos a la mente y al coraz\u00f3n, pero no tenemos otras estrategias para que la violencia se acabe. Hay otros que tienen las estrategias y las deben aplicar.<\/p>\n\n\n\n<p>\u201c\u00bfCu\u00e1ndo vamos a tener paz en nuestros pueblos de Oaxaca? \u00bfcu\u00e1ndo no nos vamos a pelear por una tierra, por unos l\u00edmites? \u00bfcu\u00e1ndo dejaremos de pelearnos?\u201d, dijo.<\/p>\n\n\n\n<p>Confi\u00f3 en que las autoridades responsables, hagan lo necesario para frenar la violencia, que d\u00eda con d\u00eda crece en todo el pa\u00eds.<\/p>\n\n\n\n<p>\u201cNos preocupa, a m\u00ed me preocupa, y me preocupan los feminicidios, que se siguen dando en nuestros pueblos de Oaxaca, acabar con la mujer porque es mujer. No se vale, tenemos que respetarnos\u201d, exclam\u00f3.<\/p>\n","protected":false},"excerpt":{"rendered":"<p>Ismael Garc\u00eda M.\/Zona Roja. Oaxaca de Ju\u00e1rez, Oax., a 25 de noviembre de 2024.- El&hellip;<\/p>\n","protected":false},"author":2,"featured_media":74829,"comment_status":"closed","ping_status":"open","sticky":false,"template":"","format":"standard","meta":{"_lmt_disableupdate":"","_lmt_disable":"","_jetpack_memberships_contains_paid_content":false,"footnotes":""},"categories":[109,47],"tags":[2219],"class_list":["post-74828","post","type-post","status-publish","format-standard","has-post-thumbnail","hentry","category-minuto-a-minuto","category-zona-gris","tag-arzobispo-pedro-vazquez-villalobos"],"jetpack_featured_media_url":"https:\/\/zonaroja.com.mx\/wp-content\/uploads\/2024\/11\/Arzbispo-Pedro-Vazquez-Villalobos.jpg","jetpack_sharing_enabled":true,"_links":{"self":[{"href":"https:\/\/zonaroja.com.mx\/index.php?rest_route=\/wp\/v2\/posts\/74828","targetHints":{"allow":["GET"]}}],"collection":[{"href":"https:\/\/zonaroja.com.mx\/index.php?rest_route=\/wp\/v2\/posts"}],"about":[{"href":"https:\/\/zonaroja.com.mx\/index.php?rest_route=\/wp\/v2\/types\/post"}],"author":[{"embeddable":true,"href":"https:\/\/zonaroja.com.mx\/index.php?rest_route=\/wp\/v2\/users\/2"}],"replies":[{"embeddable":true,"href":"https:\/\/zonaroja.com.mx\/index.php?rest_route=%2Fwp%2Fv2%2Fcomments&post=74828"}],"version-history":[{"count":1,"href":"https:\/\/zonaroja.com.mx\/index.php?rest_route=\/wp\/v2\/posts\/74828\/revisions"}],"predecessor-version":[{"id":74830,"href":"https:\/\/zonaroja.com.mx\/index.php?rest_route=\/wp\/v2\/posts\/74828\/revisions\/74830"}],"wp:featuredmedia":[{"embeddable":true,"href":"https:\/\/zonaroja.com.mx\/index.php?rest_route=\/wp\/v2\/media\/74829"}],"wp:attachment":[{"href":"https:\/\/zonaroja.com.mx\/index.php?rest_route=%2Fwp%2Fv2%2Fmedia&parent=74828"}],"wp:term":[{"taxonomy":"category","embeddable":true,"href":"https:\/\/zonaroja.com.mx\/index.php?rest_route=%2Fwp%2Fv2%2Fcategories&post=74828"},{"taxonomy":"post_tag","embeddable":true,"href":"https:\/\/zonaroja.com.mx\/index.php?rest_route=%2Fwp%2Fv2%2Ftags&post=74828"}],"curies":[{"name":"wp","href":"https:\/\/api.w.org\/{rel}","templated":true}]}}