{"id":74839,"date":"2024-11-25T11:24:00","date_gmt":"2024-11-25T17:24:00","guid":{"rendered":"https:\/\/zonaroja.com.mx\/?p=74839"},"modified":"2024-11-25T08:30:10","modified_gmt":"2024-11-25T14:30:10","slug":"cumple-dos-meses-de-desaparecido-activista-de-asociacion-civil-en-oaxaca","status":"publish","type":"post","link":"https:\/\/zonaroja.com.mx\/?p=74839","title":{"rendered":"Cumple dos meses de desaparecido activista de asociaci\u00f3n civil en Oaxaca"},"content":{"rendered":"\n<p>Redacci\u00f3n\/Zona Roja.<\/p>\n\n\n\n<p>Oaxaca de Ju\u00e1rez, Oax., a 25 de noviembre de 2024.- El Centro de Derechos Humanos y Asesor\u00eda a Pueblos Ind\u00edgenas (Cedhapi), exigi\u00f3 la localizaci\u00f3n con vida del joven Refugio Rom\u00e1n Cort\u00e9s Hern\u00e1ndez, de 41 a\u00f1os de edad, desaparecido desde el 22 de septiembre de este a\u00f1o.<\/p>\n\n\n\n<p>En un comunicado, expuso que en Oaxaca en lo que va del a\u00f1o 2024, las desapariciones van en aumento, \u201csin que se realicen acciones efectivas de b\u00fasqueda y localizaci\u00f3n\u201d.<\/p>\n\n\n\n<p>Del caso que reclama, dijo que la persona dirig\u00eda la asociaci\u00f3n civil, \u201cRenu\u00e9vate Oaxaca, A.C\u201d, situada en la ciudad de Oaxaca y fue visto por \u00faltima vez por su hermana en la gasolinera de Santa Rosa Panzacola, cerca de una refaccionaria, y hasta la fecha no ha sido localizado, por lo que sus familiares temen por su vida.<\/p>\n\n\n\n<p>\u201cRecientemente, Refugio Rom\u00e1n Cortes Hern\u00e1ndez, realizaba acciones de promoci\u00f3n de asistencia alimentaria y de promoci\u00f3n de derechos humanos y de prevenci\u00f3n de la violencia de g\u00e9nero, adem\u00e1s de realizar trabajos de plomer\u00eda, jardiner\u00eda y alba\u00f1iler\u00eda para su subsistencia\u201d, detall\u00f3.<\/p>\n\n\n\n<p>Por lo que se inici\u00f3 la carpeta de investigaci\u00f3n n\u00famero 33531\/UNOL\/2024, por la desaparici\u00f3n, ante la Unidad de B\u00fasqueda de Personas no localizadas de la Fiscal\u00eda de General del Estado de Oaxaca.<\/p>\n\n\n\n<p>Por lo cual familiares del activista Refugio Rom\u00e1n y el Centro de Derechos Humanos y Asesor\u00eda a Pueblos Ind\u00edgenas se pronunciaron para que se efect\u00fae de manera urgente e inmediata una investigaci\u00f3n sobre el paradero de dicha persona.<\/p>\n","protected":false},"excerpt":{"rendered":"<p>Redacci\u00f3n\/Zona Roja. Oaxaca de Ju\u00e1rez, Oax., a 25 de noviembre de 2024.- El Centro de&hellip;<\/p>\n","protected":false},"author":2,"featured_media":74840,"comment_status":"closed","ping_status":"open","sticky":false,"template":"","format":"standard","meta":{"_lmt_disableupdate":"","_lmt_disable":"","_jetpack_memberships_contains_paid_content":false,"footnotes":""},"categories":[109,47],"tags":[4115],"class_list":["post-74839","post","type-post","status-publish","format-standard","has-post-thumbnail","hentry","category-minuto-a-minuto","category-zona-gris","tag-refugio-roman-cortes"],"jetpack_featured_media_url":"https:\/\/zonaroja.com.mx\/wp-content\/uploads\/2024\/11\/Refugio-R.-Cortes-Hdz.jpeg","jetpack_sharing_enabled":true,"_links":{"self":[{"href":"https:\/\/zonaroja.com.mx\/index.php?rest_route=\/wp\/v2\/posts\/74839","targetHints":{"allow":["GET"]}}],"collection":[{"href":"https:\/\/zonaroja.com.mx\/index.php?rest_route=\/wp\/v2\/posts"}],"about":[{"href":"https:\/\/zonaroja.com.mx\/index.php?rest_route=\/wp\/v2\/types\/post"}],"author":[{"embeddable":true,"href":"https:\/\/zonaroja.com.mx\/index.php?rest_route=\/wp\/v2\/users\/2"}],"replies":[{"embeddable":true,"href":"https:\/\/zonaroja.com.mx\/index.php?rest_route=%2Fwp%2Fv2%2Fcomments&post=74839"}],"version-history":[{"count":1,"href":"https:\/\/zonaroja.com.mx\/index.php?rest_route=\/wp\/v2\/posts\/74839\/revisions"}],"predecessor-version":[{"id":74841,"href":"https:\/\/zonaroja.com.mx\/index.php?rest_route=\/wp\/v2\/posts\/74839\/revisions\/74841"}],"wp:featuredmedia":[{"embeddable":true,"href":"https:\/\/zonaroja.com.mx\/index.php?rest_route=\/wp\/v2\/media\/74840"}],"wp:attachment":[{"href":"https:\/\/zonaroja.com.mx\/index.php?rest_route=%2Fwp%2Fv2%2Fmedia&parent=74839"}],"wp:term":[{"taxonomy":"category","embeddable":true,"href":"https:\/\/zonaroja.com.mx\/index.php?rest_route=%2Fwp%2Fv2%2Fcategories&post=74839"},{"taxonomy":"post_tag","embeddable":true,"href":"https:\/\/zonaroja.com.mx\/index.php?rest_route=%2Fwp%2Fv2%2Ftags&post=74839"}],"curies":[{"name":"wp","href":"https:\/\/api.w.org\/{rel}","templated":true}]}}