{"id":74847,"date":"2024-11-25T13:39:00","date_gmt":"2024-11-25T19:39:00","guid":{"rendered":"https:\/\/zonaroja.com.mx\/?p=74847"},"modified":"2024-11-25T08:40:35","modified_gmt":"2024-11-25T14:40:35","slug":"crece-popularidad-de-claudia-sheinbaum-segun-encuesta-de-el-financiero","status":"publish","type":"post","link":"https:\/\/zonaroja.com.mx\/?p=74847","title":{"rendered":"Crece popularidad de Claudia Sheinbaum, seg\u00fan encuesta de \u201cEl Financiero\u201d"},"content":{"rendered":"\n<p>Redacci\u00f3n\/Zona Roja Cdmx.<\/p>\n\n\n\n<p>Ciudad de M\u00e9xico, a 25 de noviembre de 2024.- La presidenta Claudia Sheinbaum goza de una buena popularidad un mes despu\u00e9s de haber asumido como la primera mujer en llegar a encabezar el Poder Ejecutivo, pues este \u00edndice subi\u00f3 10 puntos de septiembre a octubre.<\/p>\n\n\n\n<p>Seg\u00fan una encuesta realizada por \u00abEl Financiero\u00bb, la aprobaci\u00f3n ciudadana a Claudia Sheinbaum subi\u00f3 10 puntos, del 60 por ciento registrado en septiembre, como presidenta electa, a 70 por ciento en octubre, su primer mes como Presidenta constitucional.<\/p>\n\n\n\n<p>La encuesta que public\u00f3 Alejandro Moreno en su columna de Las Encuestas destaca que el aumento en la aprobaci\u00f3n fue m\u00e1s notable entre el segmento de j\u00f3venes.<\/p>\n\n\n\n<p>Seg\u00fan las encuestas de \u00abEl Financiero\u00bb, el apoyo a Sheinbaum entre las y los mexicanos entre 18 y 29 a\u00f1os de edad subi\u00f3 18 puntos, al pasar de 53 a 71 por ciento entre septiembre y octubre.<\/p>\n\n\n\n<p>El informe se\u00f1ala que ning\u00fan otro segmento sociodemogr\u00e1fico tuvo un aumento de ese nivel en la aprobaci\u00f3n.<\/p>\n\n\n\n<p>\u201cNo obstante, la aprobaci\u00f3n de Sheinbaum tambi\u00e9n avanz\u00f3, en mayor o menor medida, entre distintos segmentos poblacionales\u201d, indica.<\/p>\n\n\n\n<p>En su columna, Alejandro Moreno detall\u00f3 que la aprobaci\u00f3n de Sheinbaum tambi\u00e9n avanz\u00f3, en mayor o menor medida, entre distintos segmentos poblacionales.<\/p>\n\n\n\n<p>\u201cEl apoyo a la presidenta ha sido m\u00e1s alto entre las mujeres, pero en el primer mes de gobierno creci\u00f3 m\u00e1s entre los hombres. El apoyo a la mandataria pas\u00f3 de 65 a 73 por ciento entre el p\u00fablico femenino, avanzando ocho puntos, y de 55 a 66 por ciento entre el p\u00fablico masculino, una ganancia de 11 puntos\u201d, se\u00f1al\u00f3.<\/p>\n\n\n\n<p>Es decir, Sheinbaum retuvo un mayor apoyo entre mujeres, pero su primer mes de gobierno impact\u00f3 m\u00e1s entre los hombres.<\/p>\n\n\n\n<p>Por rango de edad, como ya se mencion\u00f3, las y los j\u00f3venes menores de 30 a\u00f1os son quienes m\u00e1s aumentaron su apoyo a la presidenta, al pasar el nivel de aprobaci\u00f3n entre ese segmento de 53 a 71 por ciento.<\/p>\n\n\n\n<p>Sin embargo, la encuesta indica que el apoyo por edades no se diferencia mucho: entre el segmento de 30 a 49 a\u00f1os la encuesta registr\u00f3 69 por ciento de aprobaci\u00f3n en octubre, siete puntos m\u00e1s que en septiembre, mientras que entre el segmento de 50 a\u00f1os o m\u00e1s la aprobaci\u00f3n fue de 71 por ciento, tambi\u00e9n siete puntos por arriba del nivel anterior.<\/p>\n\n\n\n<p>Alejandro Moreno se\u00f1al\u00f3 en su columna que la encuesta indica que el mayor aumento de apoyo se registr\u00f3 entre el segmento de educaci\u00f3n b\u00e1sica, al crecer 13 puntos, de 56 a 69 por ciento.<\/p>\n\n\n\n<p>\u201cEntre las y los mexicanos con educaci\u00f3n media, la aprobaci\u00f3n en octubre registr\u00f3 67 por ciento, cinco puntos m\u00e1s que en el mes anterior, cuando Sheinbaum todav\u00eda era presidenta electa\u201d, indic\u00f3.<\/p>\n\n\n\n<p>Destac\u00f3 que el mayor nivel de aprobaci\u00f3n lo expres\u00f3 el segmento de universitarios, con 74 por ciento, 11 puntos m\u00e1s que en septiembre, cuando ya \u00e9ste era el segmento que m\u00e1s apoyaba a la Presidenta, rasgo que se mantuvo en octubre.<\/p>\n\n\n\n<p>(Informaci\u00f3n de \u201cEl Financiero\u201d)<\/p>\n","protected":false},"excerpt":{"rendered":"<p>Redacci\u00f3n\/Zona Roja Cdmx. Ciudad de M\u00e9xico, a 25 de noviembre de 2024.- La presidenta Claudia&hellip;<\/p>\n","protected":false},"author":2,"featured_media":72993,"comment_status":"closed","ping_status":"open","sticky":false,"template":"","format":"standard","meta":{"_lmt_disableupdate":"","_lmt_disable":"","_jetpack_memberships_contains_paid_content":false,"footnotes":""},"categories":[109,46],"tags":[3370],"class_list":["post-74847","post","type-post","status-publish","format-standard","has-post-thumbnail","hentry","category-minuto-a-minuto","category-zona-blanca","tag-claudia-sheinbaum"],"jetpack_featured_media_url":"https:\/\/zonaroja.com.mx\/wp-content\/uploads\/2024\/10\/Claudia-Sheinbaum-1.jpg.webp","jetpack_sharing_enabled":true,"_links":{"self":[{"href":"https:\/\/zonaroja.com.mx\/index.php?rest_route=\/wp\/v2\/posts\/74847","targetHints":{"allow":["GET"]}}],"collection":[{"href":"https:\/\/zonaroja.com.mx\/index.php?rest_route=\/wp\/v2\/posts"}],"about":[{"href":"https:\/\/zonaroja.com.mx\/index.php?rest_route=\/wp\/v2\/types\/post"}],"author":[{"embeddable":true,"href":"https:\/\/zonaroja.com.mx\/index.php?rest_route=\/wp\/v2\/users\/2"}],"replies":[{"embeddable":true,"href":"https:\/\/zonaroja.com.mx\/index.php?rest_route=%2Fwp%2Fv2%2Fcomments&post=74847"}],"version-history":[{"count":1,"href":"https:\/\/zonaroja.com.mx\/index.php?rest_route=\/wp\/v2\/posts\/74847\/revisions"}],"predecessor-version":[{"id":74848,"href":"https:\/\/zonaroja.com.mx\/index.php?rest_route=\/wp\/v2\/posts\/74847\/revisions\/74848"}],"wp:featuredmedia":[{"embeddable":true,"href":"https:\/\/zonaroja.com.mx\/index.php?rest_route=\/wp\/v2\/media\/72993"}],"wp:attachment":[{"href":"https:\/\/zonaroja.com.mx\/index.php?rest_route=%2Fwp%2Fv2%2Fmedia&parent=74847"}],"wp:term":[{"taxonomy":"category","embeddable":true,"href":"https:\/\/zonaroja.com.mx\/index.php?rest_route=%2Fwp%2Fv2%2Fcategories&post=74847"},{"taxonomy":"post_tag","embeddable":true,"href":"https:\/\/zonaroja.com.mx\/index.php?rest_route=%2Fwp%2Fv2%2Ftags&post=74847"}],"curies":[{"name":"wp","href":"https:\/\/api.w.org\/{rel}","templated":true}]}}