{"id":74853,"date":"2024-11-25T18:33:37","date_gmt":"2024-11-26T00:33:37","guid":{"rendered":"https:\/\/zonaroja.com.mx\/?p=74853"},"modified":"2024-11-25T18:33:39","modified_gmt":"2024-11-26T00:33:39","slug":"indagan-balacera-contra-ninos-en-amoltepec-identifica-fiscalia-a-agresores","status":"publish","type":"post","link":"https:\/\/zonaroja.com.mx\/?p=74853","title":{"rendered":"Indagan balacera contra ni\u00f1os en Amoltepec; identifica Fiscal\u00eda a agresores"},"content":{"rendered":"\n<p>Raymundo Morales\/Zona Roja.<\/p>\n\n\n\n<p>Oaxaca de Ju\u00e1rez, Oax., a 25 de noviembre de 2024.- La Fiscal\u00eda General del Estado de Oaxaca (FGEO) confirm\u00f3 una agresi\u00f3n armada ocurrida el pasado viernes en Santiago Amoltepec y asegur\u00f3 que ya est\u00e1n identificados los agresores.<\/p>\n\n\n\n<p>En un comunicado, indic\u00f3 que mediante trabajos de inteligencia \u201cfue posible identificar plenamente a algunos de los autores materiales de la agresi\u00f3n con disparos de arma de fuego\u201d, ocurrida el 22 de noviembre de 2024.<\/p>\n\n\n\n<p>A\u00f1adi\u00f3 que de acuerdo con la investigaci\u00f3n inicial, a trav\u00e9s de la Vicefiscal\u00eda General de Control Regional, los hechos ocurrieron el pasado viernes, cuando un grupo de pobladores participaba en los festejos realizados en calles de la agencia municipal de Barranca Oscura, en la comunidad Santiago Amoltepec.<\/p>\n\n\n\n<p>\u201cDe pronto, se escucharon detonaciones de arma de fuego que proven\u00edan del cerro Yucunama, derivado de lo cual resultaron con lesiones tres personas adultas, que fueron atendidas y trasladadas para su atenci\u00f3n m\u00e9dica especializada\u201d.<\/p>\n\n\n\n<p>Abund\u00f3 que la Fiscal\u00eda acudi\u00f3 al lugar donde realiz\u00f3 los primeros actos de investigaci\u00f3n y recab\u00f3 las primeras pistas sobre el caso, adem\u00e1s llevar a cabo las entrevistas ministeriales y cotejar con el material audiovisual que registr\u00f3 la agresi\u00f3n que, luego de analizarlos fue posible identificar a algunos de los agresores.<\/p>\n\n\n\n<p>\u201cCon la definici\u00f3n y focalizaci\u00f3n de las l\u00edneas de investigaci\u00f3n, la Fiscal\u00eda de Oaxaca trabaja para generar los mecanismos legales para que este acto no quede impune y llevar ante la justicia a quienes resulten responsables\u201d.<\/p>\n\n\n\n<p>La agresi\u00f3n fue condenada ayer por el Arzobispo de Antequera Oaxaca, Pedro V\u00e1zquez Villalobos, quien precis\u00f3 que se trataba de una banda infantil de m\u00fasica, que acud\u00eda a la iglesia para conmemorar a la imagen de Santa Cecilia.<\/p>\n\n\n\n<p>De acuerdo con testimonios de la gente y fotograf\u00edas que se han dado a conocer, un menor de edad salv\u00f3 la vida al impactarse una bala de grueso calibre en su tel\u00e9fono celular.<\/p>\n\n\n\n<p>Hasta el momento no hay ninguna persona detenida y se prev\u00e9 que\u00a0en breve se implemente un megaoperativo para aplicar \u00f3rdenes de aprehensi\u00f3n. <\/p>\n","protected":false},"excerpt":{"rendered":"<p>Raymundo Morales\/Zona Roja. Oaxaca de Ju\u00e1rez, Oax., a 25 de noviembre de 2024.- La Fiscal\u00eda&hellip;<\/p>\n","protected":false},"author":2,"featured_media":74854,"comment_status":"closed","ping_status":"open","sticky":false,"template":"","format":"standard","meta":{"_lmt_disableupdate":"","_lmt_disable":"","_jetpack_memberships_contains_paid_content":false,"footnotes":""},"categories":[109,47],"tags":[860],"class_list":["post-74853","post","type-post","status-publish","format-standard","has-post-thumbnail","hentry","category-minuto-a-minuto","category-zona-gris","tag-santiago-amoltepec"],"jetpack_featured_media_url":"https:\/\/zonaroja.com.mx\/wp-content\/uploads\/2024\/11\/Agresion-armada-en-Amoltepec.jpg","jetpack_sharing_enabled":true,"_links":{"self":[{"href":"https:\/\/zonaroja.com.mx\/index.php?rest_route=\/wp\/v2\/posts\/74853","targetHints":{"allow":["GET"]}}],"collection":[{"href":"https:\/\/zonaroja.com.mx\/index.php?rest_route=\/wp\/v2\/posts"}],"about":[{"href":"https:\/\/zonaroja.com.mx\/index.php?rest_route=\/wp\/v2\/types\/post"}],"author":[{"embeddable":true,"href":"https:\/\/zonaroja.com.mx\/index.php?rest_route=\/wp\/v2\/users\/2"}],"replies":[{"embeddable":true,"href":"https:\/\/zonaroja.com.mx\/index.php?rest_route=%2Fwp%2Fv2%2Fcomments&post=74853"}],"version-history":[{"count":1,"href":"https:\/\/zonaroja.com.mx\/index.php?rest_route=\/wp\/v2\/posts\/74853\/revisions"}],"predecessor-version":[{"id":74855,"href":"https:\/\/zonaroja.com.mx\/index.php?rest_route=\/wp\/v2\/posts\/74853\/revisions\/74855"}],"wp:featuredmedia":[{"embeddable":true,"href":"https:\/\/zonaroja.com.mx\/index.php?rest_route=\/wp\/v2\/media\/74854"}],"wp:attachment":[{"href":"https:\/\/zonaroja.com.mx\/index.php?rest_route=%2Fwp%2Fv2%2Fmedia&parent=74853"}],"wp:term":[{"taxonomy":"category","embeddable":true,"href":"https:\/\/zonaroja.com.mx\/index.php?rest_route=%2Fwp%2Fv2%2Fcategories&post=74853"},{"taxonomy":"post_tag","embeddable":true,"href":"https:\/\/zonaroja.com.mx\/index.php?rest_route=%2Fwp%2Fv2%2Ftags&post=74853"}],"curies":[{"name":"wp","href":"https:\/\/api.w.org\/{rel}","templated":true}]}}