{"id":74859,"date":"2024-11-25T21:27:54","date_gmt":"2024-11-26T03:27:54","guid":{"rendered":"https:\/\/zonaroja.com.mx\/?p=74859"},"modified":"2024-11-25T21:37:52","modified_gmt":"2024-11-26T03:37:52","slug":"inicia-el-lunes-con-tres-protestas-en-oaxaca-capital","status":"publish","type":"post","link":"https:\/\/zonaroja.com.mx\/?p=74859","title":{"rendered":"Inicia el lunes con cuatro protestas en Oaxaca capital"},"content":{"rendered":"\n<p>Ismael Garc\u00eda M.\/Zona Roja.<\/p>\n\n\n\n<p>Oaxaca de Ju\u00e1rez, Oax., a 25 de noviembre de 2024.- Con al menos cuatro protestas, as\u00ed como la instalaci\u00f3n de vendedores ambulantes en el z\u00f3calo, inici\u00f3 la semana en Oaxaca capital.<\/p>\n\n\n\n<p>A temprana hora, integrantes del Sindicato \u00danico de Trabajadores de Caminos y Aeropistas de Oaxaca (CAO) llegaron a la puerta principal del Palacio de Gobierno para exigir una audiencia.<\/p>\n\n\n\n<p>Lo anterior, con la finalidad de exigir respuesta a sus demandas laborales, ante la falta de capacidad del titular de Caminos Bienestar del Gobierno del Estado, adem\u00e1s de cometer probables actos de corrupci\u00f3n.<\/p>\n\n\n\n<p>\u201cVenimos a manifestarnos y hacer p\u00fablico la mala administraci\u00f3n y saqueo del erario estatal que realiza el director ing. Mois\u00e9s Salazar Mart\u00ednez, con graves perjuicios para la ciudadan\u00eda y a los trabajadores\u201d, denunciaron en un documento dirigido a la Presidenta Claudia Sheinbaum y al gobernador Salom\u00f3n Jara Cruz.<\/p>\n\n\n\n<p>Entre otros, acusaron que el titular del organismo simula licitaciones pero adjudica de manera directa las obras; adem\u00e1s, realiza obras particulares donde usa mano de obra y maquinaria institucional.<\/p>\n\n\n\n<p>Adem\u00e1s, se\u00f1alaron diversas violaciones al Contrato Colectivo de Trabajo; una representaci\u00f3n de la Secretar\u00eda de Gobierno les recibi\u00f3 el documento, tras lo cual se retiraron.<\/p>\n\n\n\n<p>EL MAGISTERIO<\/p>\n\n\n\n<p>Alrededor de las 10:00 horas inici\u00f3 en el z\u00f3calo de la capital un mitin por parte de la Secci\u00f3n 22 del Sindicato Nacional de Trabajadores de la Educaci\u00f3n (SNTE) y organizaciones sociales.<\/p>\n\n\n\n<p>Ello para exigir justicia en contra de Ulises Ruiz Ortiz y funcionarios de su sexenio, tras el desalojo violento ocurrido el 25 de noviembre de 2006, por parte de fuerzas federales y estatales.<\/p>\n\n\n\n<p>Con apenas unos 200 docentes e igual n\u00famero de personas de organizaciones, la dirigente de la gremial Yenny Aracely P\u00e9rez Mart\u00ednez narr\u00f3 la forma en que sufri\u00f3 tambi\u00e9n lo que consider\u00f3 represi\u00f3n al movimiento de maestros y de grupos aglutinados en la Asamblea Popular de los Pueblos de Oaxaca.<\/p>\n\n\n\n<p>Alrededor de dos horas despu\u00e9s, se retir\u00f3 la mayor\u00eda de manifestantes.<\/p>\n\n\n\n<p>V\u00cdCTIMAS DE 2006<\/p>\n\n\n\n<p>Tras ello, unos 20 integrante de la Asamblea Permanente de V\u00edctimas, encabezados por Isaac Torres Carmona, tambi\u00e9n exigieron justicia y colocaron lonas en el acceso al Palacio de Gobierno.<\/p>\n\n\n\n<p>Seg\u00fan explic\u00f3, hay sentencias de amparo que obligan a la Secretar\u00eda de Movilidad, ganada desde el sexenio pasado, para que inicie procedimientos de sanci\u00f3n en contra de ex funcionarios.<\/p>\n\n\n\n<p>A nivel federal, demand\u00f3 cumplimiento de los acuerdos del 4 de marzo del 2020, y un plan de justicia presentado en el sexenio de Andr\u00e9s Manuel L\u00f3pez Obrador.<\/p>\n\n\n\n<p>Luego de una conferencia de prensa, los manifestantes se retiraron.<\/p>\n\n\n\n<p>En tanto, un grupo de vendedores ambulantes se instal\u00f3 por varias horas en el contorno del z\u00f3calo, aprovechando la movilizaci\u00f3n del magisterio.<\/p>\n\n\n\n<p>Cerca de las 16:00 horas, colectivos feministas se instalaron en la parte norte de la Alameda de Le\u00f3n, donde colocaron llantas para simular una barricada, y cerraron vialidades de acceso a la zona.<\/p>\n\n\n\n<p>Lo anterior para protestar por los feminicidios y exigir justicia en diversos casos pendientes; en el transcurso de la tarde prendieron una fogata y leyeron un pronunciamiento; despu\u00e9s de las 20:00 horas se retiraron de la zona.<\/p>\n","protected":false},"excerpt":{"rendered":"<p>Ismael Garc\u00eda M.\/Zona Roja. Oaxaca de Ju\u00e1rez, Oax., a 25 de noviembre de 2024.- Con&hellip;<\/p>\n","protected":false},"author":2,"featured_media":74860,"comment_status":"closed","ping_status":"open","sticky":false,"template":"","format":"standard","meta":{"_lmt_disableupdate":"","_lmt_disable":"","_jetpack_memberships_contains_paid_content":false,"footnotes":""},"categories":[109,47],"tags":[2047],"class_list":["post-74859","post","type-post","status-publish","format-standard","has-post-thumbnail","hentry","category-minuto-a-minuto","category-zona-gris","tag-protestas-sociales-en-oaxaca"],"jetpack_featured_media_url":"https:\/\/zonaroja.com.mx\/wp-content\/uploads\/2024\/11\/Protesta-en-el-Palacio-de-Gobierno-CAO.jpg","jetpack_sharing_enabled":true,"_links":{"self":[{"href":"https:\/\/zonaroja.com.mx\/index.php?rest_route=\/wp\/v2\/posts\/74859","targetHints":{"allow":["GET"]}}],"collection":[{"href":"https:\/\/zonaroja.com.mx\/index.php?rest_route=\/wp\/v2\/posts"}],"about":[{"href":"https:\/\/zonaroja.com.mx\/index.php?rest_route=\/wp\/v2\/types\/post"}],"author":[{"embeddable":true,"href":"https:\/\/zonaroja.com.mx\/index.php?rest_route=\/wp\/v2\/users\/2"}],"replies":[{"embeddable":true,"href":"https:\/\/zonaroja.com.mx\/index.php?rest_route=%2Fwp%2Fv2%2Fcomments&post=74859"}],"version-history":[{"count":2,"href":"https:\/\/zonaroja.com.mx\/index.php?rest_route=\/wp\/v2\/posts\/74859\/revisions"}],"predecessor-version":[{"id":74863,"href":"https:\/\/zonaroja.com.mx\/index.php?rest_route=\/wp\/v2\/posts\/74859\/revisions\/74863"}],"wp:featuredmedia":[{"embeddable":true,"href":"https:\/\/zonaroja.com.mx\/index.php?rest_route=\/wp\/v2\/media\/74860"}],"wp:attachment":[{"href":"https:\/\/zonaroja.com.mx\/index.php?rest_route=%2Fwp%2Fv2%2Fmedia&parent=74859"}],"wp:term":[{"taxonomy":"category","embeddable":true,"href":"https:\/\/zonaroja.com.mx\/index.php?rest_route=%2Fwp%2Fv2%2Fcategories&post=74859"},{"taxonomy":"post_tag","embeddable":true,"href":"https:\/\/zonaroja.com.mx\/index.php?rest_route=%2Fwp%2Fv2%2Ftags&post=74859"}],"curies":[{"name":"wp","href":"https:\/\/api.w.org\/{rel}","templated":true}]}}