{"id":74870,"date":"2024-11-26T06:40:11","date_gmt":"2024-11-26T12:40:11","guid":{"rendered":"https:\/\/zonaroja.com.mx\/?p=74870"},"modified":"2024-11-26T06:40:13","modified_gmt":"2024-11-26T12:40:13","slug":"plan-hidrico-de-claudia-sheinbaum-beneficiara-a-oaxaca","status":"publish","type":"post","link":"https:\/\/zonaroja.com.mx\/?p=74870","title":{"rendered":"Plan H\u00eddrico de Claudia Sheinbaum beneficiar\u00e1 a Oaxaca"},"content":{"rendered":"\n<p>Redacci\u00f3n\/Zona Roja.<\/p>\n\n\n\n<p>Oaxaca de Ju\u00e1rez, Oax., a 26 de noviembre de 2024.- El Acuerdo Nacional por el Derecho Humano al Agua y la Sustentabilidad, planteado por la Presidenta Claudia Sheinbaum, beneficiar\u00e1 a Oaxaca.<\/p>\n\n\n\n<p>De acuerdo con el mandatario Salom\u00f3n Jara Cruz, este plan anunciado ayer en Xochimilco, Ciudad de M\u00e9xico, contempla el saneamiento de r\u00edos, especialmente los tres m\u00e1s contaminados: Lerma-Santiago, Tula y Atoyac que beneficiar\u00e1 a Oaxaca.<\/p>\n\n\n\n<p>En un comunicado, el gobernador afirm\u00f3 que este es un acto de justicia social que asegura el abasto del vital l\u00edquido para las nuevas generaciones.<\/p>\n\n\n\n<p>Asimismo, destac\u00f3 que contribuir\u00e1 a garantizar la soberan\u00eda alimentaria, toda vez que impulsar\u00e1 la tecnificaci\u00f3n del riego, que aumentar\u00e1 en 50 por ciento la productividad de alimentos, con los que se beneficiar\u00e1n los pueblos y comunidades.<\/p>\n\n\n\n<p>Desde el Parque Ecol\u00f3gico de Xochimilco, en este encuentro que reuni\u00f3 a las y los gobernadores del pa\u00eds, se dio a conocer que esta iniciativa deriva del Plan Nacional H\u00eddrico 2024-2030 encaminado a garantizar el derecho humano a este recurso en cantidad y calidad suficiente, asegurar la sostenibilidad de los recursos y fomentar un manejo adecuado y responsable en todos sus usos.<\/p>\n\n\n\n<p>De acuerdo con la Presidenta Claudia Sheinbaum Pardo, este acuerdo representa un paso encaminado al desarrollo sostenible, y un cambio de paradigma que reconoce el agua como un bien nacional y un derecho garantizado para cada mexicana y mexicano, superando as\u00ed la visi\u00f3n privatizadora de este recurso.<\/p>\n\n\n\n<p>Asever\u00f3 que consiste en poner orden a las concesiones que por distintas razones, desde que el agua se vio como una mercanc\u00eda, hay distintos sistemas administrativos, transferencias de derechos que no cubren lo reglamentario y al mismo tiempo se desconoce cu\u00e1nta agua disponible hay en el pa\u00eds.<\/p>\n\n\n\n<p>\u201cEste acuerdo permitir\u00e1 tener un solo registro de las concesiones y transmisiones de derechos del agua, que sean legales, que concuerde con lo que se utiliza y que no hayan concesiones que no permitan utilizar el agua para otros usos indispensables\u201d, dijo ante representantes de la academia, industrias y centros de riego.<\/p>\n\n\n\n<p>Cabe destacar que con este acuerdo que por vez primera incluye a distritos y unidades de riego y el sector industrial, se comprometen a la devoluci\u00f3n voluntaria de m\u00e1s de 2 mil 500 millones de metros c\u00fabicos de agua, que tienen concesionados, para que sean destinados a consumo humano sobre todo en las zonas de mayor estr\u00e9s h\u00eddrico.&nbsp;<\/p>\n\n\n\n<p>Este acto cont\u00f3 con la presencia de las oaxaque\u00f1as Shanni Valeria Mora Fajardo y Rosa Mendoza Sosa, ganadoras del Premio Juvenil del Agua Estocolmo 2024 (Stockholm Junior Water Prize).<\/p>\n\n\n\n<figure class=\"wp-block-embed is-type-rich is-provider-twitter wp-block-embed-twitter\"><div class=\"wp-block-embed__wrapper\">\n<div class=\"twitter-tweet\"><blockquote class=\"twitter-tweet\" data-lang=\"es\"><p lang=\"es\" dir=\"ltr\">Oaxaca estuvo presente hoy en la firma del Acuerdo Nacional por el Derecho Humano al Agua y la Sustentabilidad, efectuado en Xochimilco, Ciudad de M\u00e9xico, y que encabez\u00f3 la Presidenta <a href=\"https:\/\/twitter.com\/Claudiashein?ref_src=twsrc%5Etfw\">@Claudiashein<\/a>. <br><br>El gobernador <a href=\"https:\/\/twitter.com\/salomonj?ref_src=twsrc%5Etfw\">@salomonj<\/a> refrend\u00f3 su compromiso con el desarrollo sostenible y\u2026 <a href=\"https:\/\/t.co\/LP0sXdCx48\">pic.twitter.com\/LP0sXdCx48<\/a><\/p>&mdash; Zona Roja Oaxaca (@ZonaRoja_Oaxaca) <a href=\"https:\/\/twitter.com\/ZonaRoja_Oaxaca\/status\/1861160899916247525?ref_src=twsrc%5Etfw\">25 de noviembre de 2024<\/a><\/blockquote><\/div>\n<\/div><\/figure>\n","protected":false},"excerpt":{"rendered":"<p>Redacci\u00f3n\/Zona Roja. Oaxaca de Ju\u00e1rez, Oax., a 26 de noviembre de 2024.- El Acuerdo Nacional&hellip;<\/p>\n","protected":false},"author":2,"featured_media":74872,"comment_status":"closed","ping_status":"open","sticky":false,"template":"","format":"standard","meta":{"_lmt_disableupdate":"","_lmt_disable":"","_jetpack_memberships_contains_paid_content":false,"footnotes":""},"categories":[109,46],"tags":[939],"class_list":["post-74870","post","type-post","status-publish","format-standard","has-post-thumbnail","hentry","category-minuto-a-minuto","category-zona-blanca","tag-salomon-jara-cruz"],"jetpack_featured_media_url":"https:\/\/zonaroja.com.mx\/wp-content\/uploads\/2024\/11\/Suma-Salomon-Jara-voluntad-para-un-Mexico-sustentable-que-asegure-el-abasto-del-agua-5.jpg","jetpack_sharing_enabled":true,"_links":{"self":[{"href":"https:\/\/zonaroja.com.mx\/index.php?rest_route=\/wp\/v2\/posts\/74870","targetHints":{"allow":["GET"]}}],"collection":[{"href":"https:\/\/zonaroja.com.mx\/index.php?rest_route=\/wp\/v2\/posts"}],"about":[{"href":"https:\/\/zonaroja.com.mx\/index.php?rest_route=\/wp\/v2\/types\/post"}],"author":[{"embeddable":true,"href":"https:\/\/zonaroja.com.mx\/index.php?rest_route=\/wp\/v2\/users\/2"}],"replies":[{"embeddable":true,"href":"https:\/\/zonaroja.com.mx\/index.php?rest_route=%2Fwp%2Fv2%2Fcomments&post=74870"}],"version-history":[{"count":1,"href":"https:\/\/zonaroja.com.mx\/index.php?rest_route=\/wp\/v2\/posts\/74870\/revisions"}],"predecessor-version":[{"id":74873,"href":"https:\/\/zonaroja.com.mx\/index.php?rest_route=\/wp\/v2\/posts\/74870\/revisions\/74873"}],"wp:featuredmedia":[{"embeddable":true,"href":"https:\/\/zonaroja.com.mx\/index.php?rest_route=\/wp\/v2\/media\/74872"}],"wp:attachment":[{"href":"https:\/\/zonaroja.com.mx\/index.php?rest_route=%2Fwp%2Fv2%2Fmedia&parent=74870"}],"wp:term":[{"taxonomy":"category","embeddable":true,"href":"https:\/\/zonaroja.com.mx\/index.php?rest_route=%2Fwp%2Fv2%2Fcategories&post=74870"},{"taxonomy":"post_tag","embeddable":true,"href":"https:\/\/zonaroja.com.mx\/index.php?rest_route=%2Fwp%2Fv2%2Ftags&post=74870"}],"curies":[{"name":"wp","href":"https:\/\/api.w.org\/{rel}","templated":true}]}}