{"id":7488,"date":"2020-01-09T20:52:29","date_gmt":"2020-01-10T02:52:29","guid":{"rendered":"http:\/\/www.zonaroja.com.mx\/?p=7488"},"modified":"2020-01-09T20:52:34","modified_gmt":"2020-01-10T02:52:34","slug":"hermano-de-edil-asesinado-a-balazos-lo-reemplaza-en-jalapa-de-diaz","status":"publish","type":"post","link":"https:\/\/zonaroja.com.mx\/?p=7488","title":{"rendered":"Hermano de edil asesinado a balazos lo reemplaza en Jalapa de D\u00edaz"},"content":{"rendered":"\n<p>Yuridiana\nSosa\/Zona Roja.<\/p>\n\n\n\n<p>San\nJuan Bautista Tuxtepec, Oax., 9 de enero de 2020.- Tras el asesinato del\npresidente municipal de San Felipe Jalapa de D\u00edaz, Arturo Garc\u00eda, el pasado 23\nde diciembre, Jes\u00fas Ernesto Garc\u00eda Vel\u00e1zquez, hermano del extinto, fue\nacreditado este martes como edil sustituto.<\/p>\n\n\n\n<p>Jes\u00fas\nErnesto fung\u00eda como suplente de Arturo, constan los registros del Instituto\nEstatal Electoral y de Participaci\u00f3n Ciudadana de Oaxaca (IEEPO).<\/p>\n\n\n\n<p>El\ncoordinador regional de la Secretar\u00eda General de Gobierno (Segego), V\u00edctor\nVirgen, indic\u00f3 que el pasado 7 de enero tambi\u00e9n recibi\u00f3 su acreditaci\u00f3n como\nS\u00edndico Hacendario, \u00c1ngel Jos\u00e9 \u00c1ngeles, quien era suplente de Javier Terrero\nOlivera, tambi\u00e9n asesinado en el ataque del pasado 23 de diciembre.<\/p>\n\n\n\n<p>Las\nactividades sociales y econ\u00f3micas del municipio mazateco, en la regi\u00f3n de la\nCuenca, se desarrollan con normalidad, as\u00ed como las propias funciones del Cabildo\nmunicipal, donde esta semana los regidores retomaron su trabajo.<\/p>\n\n\n\n<p>HECHOS\nIMPUNES <\/p>\n\n\n\n<p>Los\nfuncionarios municipales fueron asesinados mientras se encontraban en un\nconvivio con trabajadores del ayuntamiento, en esa localidad el 23 de\ndiciembre.<\/p>\n\n\n\n<p>El ex\nedil Arturo Garc\u00eda perdi\u00f3 la vida a dos meses de librar un proceso judicial\ntras ser detenido en un cateo en su domicilio por el presunto delito de\ndesaparici\u00f3n de personas y portaci\u00f3n de armas de uso exclusivo de las fuerzas.<\/p>\n\n\n\n<p>En\nese hecho tambi\u00e9n fueron detenidos otras nueve personas m\u00e1s, entre ellos\nelementos de la Polic\u00eda Municipal, de los que hasta el momento la Fiscal\u00eda\nGeneral del Estado no ha brindado informaci\u00f3n sobre su proceso legal.<\/p>\n\n\n\n<p>Por\nesos acontecimientos, el senador por Morena, Salom\u00f3n Jara Cruz, ha pedido la\ndestituci\u00f3n del fiscal Rub\u00e9n Vasconcelos M\u00e9ndez.<\/p>\n","protected":false},"excerpt":{"rendered":"<p>Yuridiana Sosa\/Zona Roja. San Juan Bautista Tuxtepec, Oax., 9 de enero de 2020.- Tras el&hellip;<\/p>\n","protected":false},"author":2,"featured_media":5819,"comment_status":"closed","ping_status":"open","sticky":false,"template":"","format":"standard","meta":{"_lmt_disableupdate":"","_lmt_disable":"","_jetpack_memberships_contains_paid_content":false,"footnotes":""},"categories":[109,47],"tags":[930,580],"class_list":["post-7488","post","type-post","status-publish","format-standard","has-post-thumbnail","hentry","category-minuto-a-minuto","category-zona-gris","tag-arturo-garcia-velasquez","tag-san-felipe-jalapa-de-diaz"],"jetpack_featured_media_url":"https:\/\/zonaroja.com.mx\/wp-content\/uploads\/2019\/11\/Jalapa-de-D\u00edaz.jpg","jetpack_sharing_enabled":true,"_links":{"self":[{"href":"https:\/\/zonaroja.com.mx\/index.php?rest_route=\/wp\/v2\/posts\/7488","targetHints":{"allow":["GET"]}}],"collection":[{"href":"https:\/\/zonaroja.com.mx\/index.php?rest_route=\/wp\/v2\/posts"}],"about":[{"href":"https:\/\/zonaroja.com.mx\/index.php?rest_route=\/wp\/v2\/types\/post"}],"author":[{"embeddable":true,"href":"https:\/\/zonaroja.com.mx\/index.php?rest_route=\/wp\/v2\/users\/2"}],"replies":[{"embeddable":true,"href":"https:\/\/zonaroja.com.mx\/index.php?rest_route=%2Fwp%2Fv2%2Fcomments&post=7488"}],"version-history":[{"count":1,"href":"https:\/\/zonaroja.com.mx\/index.php?rest_route=\/wp\/v2\/posts\/7488\/revisions"}],"predecessor-version":[{"id":7489,"href":"https:\/\/zonaroja.com.mx\/index.php?rest_route=\/wp\/v2\/posts\/7488\/revisions\/7489"}],"wp:featuredmedia":[{"embeddable":true,"href":"https:\/\/zonaroja.com.mx\/index.php?rest_route=\/wp\/v2\/media\/5819"}],"wp:attachment":[{"href":"https:\/\/zonaroja.com.mx\/index.php?rest_route=%2Fwp%2Fv2%2Fmedia&parent=7488"}],"wp:term":[{"taxonomy":"category","embeddable":true,"href":"https:\/\/zonaroja.com.mx\/index.php?rest_route=%2Fwp%2Fv2%2Fcategories&post=7488"},{"taxonomy":"post_tag","embeddable":true,"href":"https:\/\/zonaroja.com.mx\/index.php?rest_route=%2Fwp%2Fv2%2Ftags&post=7488"}],"curies":[{"name":"wp","href":"https:\/\/api.w.org\/{rel}","templated":true}]}}