{"id":74885,"date":"2024-11-26T16:49:00","date_gmt":"2024-11-26T22:49:00","guid":{"rendered":"https:\/\/zonaroja.com.mx\/?p=74885"},"modified":"2024-11-26T18:58:45","modified_gmt":"2024-11-27T00:58:45","slug":"exigen-frenar-la-destruccion-de-60-mil-hectareas-de-la-cordillera-norte","status":"publish","type":"post","link":"https:\/\/zonaroja.com.mx\/?p=74885","title":{"rendered":"Exigen frenar la\u00a0destrucci\u00f3n de 60 mil hect\u00e1reas de la Cordillera Norte\u00a0"},"content":{"rendered":"\n<p>Redacci\u00f3n\/Zona Roja.&nbsp;<\/p>\n\n\n\n<p>Oaxaca de Ju\u00e1rez, Oax., a 26 de noviembre de 2024.-&nbsp;El Observatorio Comunitario del Agua de Oaxaca exigi\u00f3&nbsp;al Gobierno del Estado y las autoridades federales detener la destrucci\u00f3n de la reserva ecol\u00f3gica de la Cordillera Norte de los Valles Centrales, donde la corrupci\u00f3n, la omisi\u00f3n y la falta de planeaci\u00f3n urbana han puesto en riesgo durante las&nbsp;\u00faltimas cuatro d\u00e9cadas m\u00e1s de 60 mil hect\u00e1reas de biodiversidad en 10 municipios oaxaque\u00f1os.<\/p>\n\n\n\n<p>El grupo de especialistas medio ambientales y autoridades comunitarias agrupadas en 28 organizaciones de la sociedad civil, sostuvo que existe un consejo asesor para el&nbsp;\u00e1rea protegida que fue creado en 2023, sin embargo, est\u00e1&nbsp;acci\u00f3n no es suficiente para detener los incendios, plagas forestales, desecaci\u00f3n, erosi\u00f3n, contaminaci\u00f3n, desintegraci\u00f3n social y productiva que ha afectado a la reserva.<\/p>\n\n\n\n<p>\u201cCreemos que es urgente que se convierta este consejo a la brevedad en un grupo de trabajo para toda la cordillera y no se acent\u00faen en los pueblos de la sierra la tendencia destructiva con la que la mancha urbana ha ido invadiendo el territorio\u201d, indico Mauricio del Villar, Secretario T\u00e9cnico del Foro Oaxaque\u00f1o del Agua (FAO) en el marco de la Jornada&nbsp;El Monte y la Ciudad: Hacia una Gobernanza para Conservar la Cordillera Norte de los Valles Centrales.<\/p>\n\n\n\n<p>Juan Jos\u00e9&nbsp;Concejo, del INSO, enfatiz\u00f3&nbsp;en la presentaci\u00f3n del panel de participantes que es necesario adquirir una perspectiva hist\u00f3rica sobre los m\u00e1s de 10 mil a\u00f1os que llevan los oaxaque\u00f1os habitando la regi\u00f3n y c\u00f3mo tan s\u00f3lo en los&nbsp;\u00faltimos 50 a\u00f1os la explotaci\u00f3n del sue\u00f1o, el acelerado crecimiento y la imposici\u00f3n de una&nbsp;\u00fanica forma de desarrollo puede anticipar un fin tr\u00e1gico a la ocupaci\u00f3n de la Reserva Ecol\u00f3gica.&nbsp;<\/p>\n\n\n\n<p>Durante la primera mesa de di\u00e1logo circular y debate, Aurelio Fern\u00e1ndez Fuentes, director del Centro Universitario para la Prevenci\u00f3n de Desastres Regionales (Copruder), Rub\u00e9n Langl\u00e9&nbsp;representante del Centro de&nbsp;<\/p>\n\n\n\n<p>Investigaciones y Estudios Superiores en Antropolog\u00eda Social (CIESAS),Tzinnia Carranza L\u00f3pez, presidenta de Espacio de Encuentro de las Culturas Originarias (EECO), adem\u00e1s de Salvador Anta Fonseca, coordinador de la Ciudad de M\u00e9xico de la Comisi\u00f3n Nacional Forestal (Conafor), coincidieron en que en el tema ambiental tambi\u00e9n es respetar los &nbsp;derechos leg\u00edtimos de posesi\u00f3n y propiedad de particulares, n\u00facleos agrarios y comunidades, as\u00ed&nbsp;como el derecho humano colectivo a un medio ambiente sano.<\/p>\n\n\n\n<p>En la mesa moderada por la investigadora e integrante del grupo operativo del Observatorio, Dominique Rivas Ponce, sostuvieron los participantes un amplio consenso sobre la creciente evidencia documental de la vital importancia de la Cordillera Norte, por su gran patrimonio biocultural, su papel clave en el abasto de agua y la regulaci\u00f3n clim\u00e1tica, as\u00ed&nbsp;como su potencial productivo, educativo, cultural y tur\u00edstico.<\/p>\n\n\n\n<p>En ella participaron Jes\u00fas Cruz L\u00f3pez, presidente del Comisariado de Bienes Comunales de San Pablo Huitzo, y los representantes de Bienes Comunales de San Miguel del Valle, que expusieron ejemplos de resistencia comunitaria para la conservaci\u00f3n de su entorno, adem\u00e1s de Aurelio Fern\u00e1ndez Fuentes, Director de Centro Universitario para la Prevenci\u00f3n de Desastres Regionales (Cupreder) que relat\u00f3&nbsp;su experiencia en la sierra norte de Puebla.&nbsp;<\/p>\n\n\n\n<p>Ante ese panorama el Observatorio Ciudadano Comunitario del Agua y Medio Ambiente de los Valles Centrales de Oaxaca (OCCAMA), hizo un pronunciamiento p\u00fablico y propuso un fondo metropolitano con participaci\u00f3n publicada, privada y social para desarrollar la conservaci\u00f3n de la cordillera y atenuar las d\u00e9cadas de rezago en la atenci\u00f3n oficial,&nbsp;\u201cla cordillera tiene que ser un componente central en la estrategia de abasto de agua para la zona conurbada de Oaxaca, lo que adem\u00e1s permitir\u00e1&nbsp;desechar proyectos de transvase que el gobierno del estado ha propuesto recientemente a las nuevas autoridades federales\u201d, coincidieron los participantes.<\/p>\n","protected":false},"excerpt":{"rendered":"<p>Redacci\u00f3n\/Zona Roja.&nbsp; Oaxaca de Ju\u00e1rez, Oax., a 26 de noviembre de 2024.-&nbsp;El Observatorio Comunitario del&hellip;<\/p>\n","protected":false},"author":2,"featured_media":74886,"comment_status":"closed","ping_status":"open","sticky":false,"template":"","format":"standard","meta":{"_lmt_disableupdate":"","_lmt_disable":"","_jetpack_memberships_contains_paid_content":false,"footnotes":""},"categories":[109,47],"tags":[],"class_list":["post-74885","post","type-post","status-publish","format-standard","has-post-thumbnail","hentry","category-minuto-a-minuto","category-zona-gris"],"jetpack_featured_media_url":"https:\/\/zonaroja.com.mx\/wp-content\/uploads\/2024\/11\/Denuncia-Cordillera-Norte.jpg","jetpack_sharing_enabled":true,"_links":{"self":[{"href":"https:\/\/zonaroja.com.mx\/index.php?rest_route=\/wp\/v2\/posts\/74885","targetHints":{"allow":["GET"]}}],"collection":[{"href":"https:\/\/zonaroja.com.mx\/index.php?rest_route=\/wp\/v2\/posts"}],"about":[{"href":"https:\/\/zonaroja.com.mx\/index.php?rest_route=\/wp\/v2\/types\/post"}],"author":[{"embeddable":true,"href":"https:\/\/zonaroja.com.mx\/index.php?rest_route=\/wp\/v2\/users\/2"}],"replies":[{"embeddable":true,"href":"https:\/\/zonaroja.com.mx\/index.php?rest_route=%2Fwp%2Fv2%2Fcomments&post=74885"}],"version-history":[{"count":1,"href":"https:\/\/zonaroja.com.mx\/index.php?rest_route=\/wp\/v2\/posts\/74885\/revisions"}],"predecessor-version":[{"id":74887,"href":"https:\/\/zonaroja.com.mx\/index.php?rest_route=\/wp\/v2\/posts\/74885\/revisions\/74887"}],"wp:featuredmedia":[{"embeddable":true,"href":"https:\/\/zonaroja.com.mx\/index.php?rest_route=\/wp\/v2\/media\/74886"}],"wp:attachment":[{"href":"https:\/\/zonaroja.com.mx\/index.php?rest_route=%2Fwp%2Fv2%2Fmedia&parent=74885"}],"wp:term":[{"taxonomy":"category","embeddable":true,"href":"https:\/\/zonaroja.com.mx\/index.php?rest_route=%2Fwp%2Fv2%2Fcategories&post=74885"},{"taxonomy":"post_tag","embeddable":true,"href":"https:\/\/zonaroja.com.mx\/index.php?rest_route=%2Fwp%2Fv2%2Ftags&post=74885"}],"curies":[{"name":"wp","href":"https:\/\/api.w.org\/{rel}","templated":true}]}}