{"id":74890,"date":"2024-11-26T10:52:00","date_gmt":"2024-11-26T16:52:00","guid":{"rendered":"https:\/\/zonaroja.com.mx\/?p=74890"},"modified":"2024-11-26T06:52:59","modified_gmt":"2024-11-26T12:52:59","slug":"opinion-triquis-tensiones-y-rupturas","status":"publish","type":"post","link":"https:\/\/zonaroja.com.mx\/?p=74890","title":{"rendered":"Opini\u00f3n. Triquis: tensiones y rupturas"},"content":{"rendered":"\n<p>Isidoro Yescas*<\/p>\n\n\n\n<p>\u00bfQu\u00e9 pasa hoy con el&nbsp;MULT,&nbsp;MULTI&nbsp;y la Ubisort, organizaciones ind\u00edgenas triquis&nbsp;antag\u00f3nicas cuyas dirigencias hoy&nbsp;nuevamente&nbsp;se han sentado en la Secretar\u00eda de Gobernaci\u00f3n en&nbsp;otro&nbsp;intento&nbsp;m\u00e1s&nbsp;para&nbsp;pactar un acuerdo de paz?&nbsp;<\/p>\n\n\n\n<p>\u00bfEs posible que una acci\u00f3n coordinada de los gobiernos federal y&nbsp;estatal&nbsp;ahora&nbsp;s\u00ed&nbsp;derive en un&nbsp;pacto de paz duradero en una regi\u00f3n en donde lo que ha prevalecido hist\u00f3ricamente es la ley de la selva?&nbsp;<\/p>\n\n\n\n<p>Como ya lo hemos comentado en otras entregas en este mismo espacio de Voz e Imagen de Oaxaca, del 2015&nbsp;a la fecha por lo menos en&nbsp;tres&nbsp;ocasiones&nbsp;los gobiernos estatal y federal se han esmerado&nbsp;en dialogar con las partes en conflicto para&nbsp;establecer las bases de un acuerdo de paz en la regi\u00f3n triqui.<\/p>\n\n\n\n<p>Primero en el&nbsp;2015, durante&nbsp;el gobierno de Gabino&nbsp;Cu\u00e9, con la firma &nbsp;del llamado Acuerdo de Paz y Concordia de la Zona Triqui; luego en el 2021, por iniciativa del Presidente de la Rep\u00fablica, Andr\u00e9s Manuel L\u00f3pez Obrador; y en el a\u00f1o 2022, en el inicio del sexenio de Salom\u00f3n Jara Cruz.&nbsp;(\u201cMULT:&nbsp;or\u00edgenes y evoluci\u00f3n\u201d, \u201cNoticias\u201d, julio 30 del 2024).&nbsp;<\/p>\n\n\n\n<p>Por desgracia, hasta ahora ninguna de estas iniciativas oficiales ha prosperado.&nbsp;<\/p>\n\n\n\n<p>Hoy, en el contexto de una nueva ola de&nbsp;hechos de&nbsp;sangre&nbsp;que&nbsp;recientemente&nbsp;le costaron la vida a&nbsp;las hermanas Virginia y Adriana Ortiz Garc\u00eda,&nbsp;dos mujeres artesanas&nbsp;militantes del MULT,&nbsp;y al entrenador del equipo&nbsp;triqui&nbsp;infantil de&nbsp;basquetbol, Rigoberto&nbsp;Mart\u00ednez Sandoval, el gobierno federal, a trav\u00e9s de la Secretar\u00eda de Gobernaci\u00f3n, instal\u00f3 una mesa de trabajo con la presencia de representantes del poder ejecutivo estatal y las dirigencias del MULT,&nbsp;MULTI&nbsp;y Ubisort<\/p>\n\n\n\n<p>Desde el 2006 a la fecha, \u201cun&nbsp;factor que casi de manera transversal ha permeado las relaciones entre&nbsp;estas tres organizaciones&nbsp;y las diferencias y escisiones en las filas del MULT ha sido la violencia y los asesinatos que, entre otras consecuencias, ha propiciado el desplazamiento&nbsp;de &nbsp;hombres&nbsp;y mujeres &nbsp;que habitan en las zonas de mayor conflictividad.&nbsp;<\/p>\n\n\n\n<p>\u201cSin&nbsp;embargo de&nbsp;este clima de violencia recurrente &nbsp;tambi\u00e9n han sido corresponsables el PRI y grupos delincuenciales\u201d, as\u00ed como las familias caciquiles de Juxtlahuaca y Putla.&nbsp;<\/p>\n\n\n\n<p>A lo anterior, escrito en julio de este a\u00f1o, habr\u00eda que agregar otro factor que ahora pareciera tambi\u00e9n influir en el ambiente de discordias y asesinatos&nbsp;entre los triquis:&nbsp;la disputa interna de MULT y de sus mas recientes expresiones disidentes por el control de la dirigencia que habr\u00e1 de dirimirse para enero del pr\u00f3ximo a\u00f1o.<\/p>\n\n\n\n<p>El primer gran desprendimiento que tuvo el MULT ocurri\u00f3 en el 2006, en el contexto del movimiento social encabezado por la APPO. Naci\u00f3 entonces el MULTI.&nbsp;<\/p>\n\n\n\n<p>Para el 2020, Rufino Merino&nbsp;( ya&nbsp;fallecido), fund\u00f3 la Uni\u00f3n Democr\u00e1tica de Pueblos &nbsp;y Comunidades Ind\u00edgenas. Y de ese a\u00f1o a la fecha se han registrado otros dos desprendimientos: la organizaci\u00f3n social \u201c23 de octubre\u201d, dirigido por Alejandro Escobar S\u00e1nchez y Sa\u00fal Pazos,&nbsp;y el Movimiento Oaxaque\u00f1o&nbsp;de Izquierda Democr\u00e1tica (MOID) encabezado por David Jim\u00e9nez.<\/p>\n\n\n\n<p>Con todo y que ya el MULT ha perdido base social y liderazgo en la regi\u00f3n triqui por estos desprendimientos y una sensible disminuci\u00f3n de los apoyos materiales y econ\u00f3micos que por d\u00e9cadas recibi\u00f3 del gobierno del estado, se mantiene todav\u00eda como una fuerza pol\u00edtica importante en la regi\u00f3n triqui y con altos niveles de interlocuci\u00f3n con los gobiernos estatal y federal.<\/p>\n\n\n\n<p>Con excepci\u00f3n del MULTI, que&nbsp;desde su&nbsp;origen&nbsp;se ha mostrado como una fuerza social&nbsp;independiente&nbsp;y&nbsp;contrapunteada&nbsp;con el MULT,&nbsp;los liderazgos de las otras &nbsp;expresiones disidentes en mayor o menor medida est\u00e1n ahora muy atentos a los decisiones y orientaciones que trace &nbsp;la&nbsp;gerantocracia&nbsp;radicada en San Juan Copala para definir en el mes de enero del 2025&nbsp;el relevo en la dirigencia del MULT.<\/p>\n\n\n\n<p>En los usos y costumbres de los pueblos triquis diciembre es considerado&nbsp;un \u201cmes libre\u201d, tiempo durante el cual individuos o grupos pueden dirimir sus diferencias por los medios que consideren los m\u00e1s id\u00f3neos, incluyendo la eliminaci\u00f3n f\u00edsica de el o los adversarios (as).&nbsp;<\/p>\n\n\n\n<p>De ah\u00ed que&nbsp;cualquier&nbsp;acto de provocaci\u00f3n o un nuevo asesinato&nbsp;que pudiera ocurrir en estos 30 d\u00edas&nbsp;inevitablemente volver\u00eda a frustrar&nbsp;el acuerdo de paz que promueve el gobierno federal, visto, adem\u00e1s, que&nbsp;hasta ahora el gobierno&nbsp;primaveral &nbsp;no&nbsp;ha demostrado ser lo suficientemente eficaz ni neutral para cumplir con &nbsp;su papel de mediador y\/o facilitador de un arreglo institucional.<\/p>\n\n\n\n<p>Por lo mismo, habr\u00e1 que estar muy atentos a los resultados de las reuniones convocadas por la Secretar\u00eda de Gobernaci\u00f3n en&nbsp;donde &nbsp;todo&nbsp;acuerdo o convenio de pacificaci\u00f3n tendr\u00eda&nbsp;necesariamente que incluir la aplicaci\u00f3n de la ley para los responsables de los asesinatos&nbsp;denunciados tanto por el MULT como el MULTI,&nbsp;as\u00ed como el retorno de decenas de familias desplazadas y un plan de desarrollo regional en los t\u00e9rminos que en el 2021 lo puso en la mesa el expresidente Andr\u00e9s Manuel L\u00f3pez Obrador.&nbsp;<\/p>\n\n\n\n<p>*Maestro en Sociolog\u00eda.<\/p>\n\n\n\n<p>X: @YescasIsidoro<\/p>\n","protected":false},"excerpt":{"rendered":"<p>Isidoro Yescas* \u00bfQu\u00e9 pasa hoy con el&nbsp;MULT,&nbsp;MULTI&nbsp;y la Ubisort, organizaciones ind\u00edgenas triquis&nbsp;antag\u00f3nicas cuyas dirigencias hoy&nbsp;nuevamente&nbsp;se&hellip;<\/p>\n","protected":false},"author":2,"featured_media":71623,"comment_status":"closed","ping_status":"open","sticky":false,"template":"","format":"standard","meta":{"_lmt_disableupdate":"","_lmt_disable":"","_jetpack_memberships_contains_paid_content":false,"footnotes":""},"categories":[456,109],"tags":[3998],"class_list":["post-74890","post","type-post","status-publish","format-standard","has-post-thumbnail","hentry","category-columna","category-minuto-a-minuto","tag-isidoro-yescas-martinez"],"jetpack_featured_media_url":"https:\/\/zonaroja.com.mx\/wp-content\/uploads\/2024\/08\/Opinion.-Isidoro-Yescas.jpg","jetpack_sharing_enabled":true,"_links":{"self":[{"href":"https:\/\/zonaroja.com.mx\/index.php?rest_route=\/wp\/v2\/posts\/74890","targetHints":{"allow":["GET"]}}],"collection":[{"href":"https:\/\/zonaroja.com.mx\/index.php?rest_route=\/wp\/v2\/posts"}],"about":[{"href":"https:\/\/zonaroja.com.mx\/index.php?rest_route=\/wp\/v2\/types\/post"}],"author":[{"embeddable":true,"href":"https:\/\/zonaroja.com.mx\/index.php?rest_route=\/wp\/v2\/users\/2"}],"replies":[{"embeddable":true,"href":"https:\/\/zonaroja.com.mx\/index.php?rest_route=%2Fwp%2Fv2%2Fcomments&post=74890"}],"version-history":[{"count":1,"href":"https:\/\/zonaroja.com.mx\/index.php?rest_route=\/wp\/v2\/posts\/74890\/revisions"}],"predecessor-version":[{"id":74891,"href":"https:\/\/zonaroja.com.mx\/index.php?rest_route=\/wp\/v2\/posts\/74890\/revisions\/74891"}],"wp:featuredmedia":[{"embeddable":true,"href":"https:\/\/zonaroja.com.mx\/index.php?rest_route=\/wp\/v2\/media\/71623"}],"wp:attachment":[{"href":"https:\/\/zonaroja.com.mx\/index.php?rest_route=%2Fwp%2Fv2%2Fmedia&parent=74890"}],"wp:term":[{"taxonomy":"category","embeddable":true,"href":"https:\/\/zonaroja.com.mx\/index.php?rest_route=%2Fwp%2Fv2%2Fcategories&post=74890"},{"taxonomy":"post_tag","embeddable":true,"href":"https:\/\/zonaroja.com.mx\/index.php?rest_route=%2Fwp%2Fv2%2Ftags&post=74890"}],"curies":[{"name":"wp","href":"https:\/\/api.w.org\/{rel}","templated":true}]}}