{"id":74910,"date":"2024-11-27T07:47:00","date_gmt":"2024-11-27T13:47:00","guid":{"rendered":"https:\/\/zonaroja.com.mx\/?p=74910"},"modified":"2024-11-27T06:51:32","modified_gmt":"2024-11-27T12:51:32","slug":"que-dice-pemex-que-apenas-va-a-investigar-incendio-en-refineria-de-salina-cruz","status":"publish","type":"post","link":"https:\/\/zonaroja.com.mx\/?p=74910","title":{"rendered":"Que dice Pemex que apenas va a investigar incendio en refiner\u00eda de Salina Cruz"},"content":{"rendered":"\n<p>Ismael Garc\u00eda M.\/Zona Roja.<\/p>\n\n\n\n<p>Oaxaca de Ju\u00e1rez, Oax., a 27 de noviembre de 2024.- M\u00e1s de 10 horas despu\u00e9s, Petr\u00f3leos Mexicanos (Pemex) inform\u00f3 que no hubo v\u00edctimas en el incendio y explosi\u00f3n originada ayer en un \u00e1rea de la refiner\u00eda \u201cIng. Antonio Doval\u00ed Jaime\u201d, ubicada en el municipio de Salina Cruz.<\/p>\n\n\n\n<p>\u201c\u2026 a las 07:50 horas se present\u00f3 un incendio en el pre-separador del \u00e1rea de Efluentes de la Refiner\u00eda. De inmediato, se activaron los protocolos de emergencia, as\u00ed como el Plan de Respuesta de Emergencias (PRE) para actuar y evitar la propagaci\u00f3n de este.<\/p>\n\n\n\n<p>\u201cEl ataque y control de la emergencia fue atendido por bomberos de Pemex, teniendo una duraci\u00f3n de una hora, por lo que a las 08:50 horas, el evento estaba sofocado en su totalidad.<\/p>\n\n\n\n<p>\u201cNo se reportan afectaciones a la comunidad, como tampoco al personal e instalaciones de la instituci\u00f3n. Pemex realizar\u00e1 las investigaciones correspondientes para determinar el An\u00e1lisis Causa Ra\u00edz (ACR) del incidente\u201d, dio a conocer en un comunicado emitido a las 18:50 horas de ayer.<\/p>\n\n\n\n<p>No obstante, la situaci\u00f3n alarm\u00f3 a la poblaci\u00f3n salinacrucense, pues el humo negro alcanz\u00f3 varios metros y se pudo observar desde hace varios puntos de esa ciudad y puerto.<\/p>\n\n\n\n<p>No es la primera vez que ocurre un hecho delicado en esa terminal de refinaci\u00f3n de combustibles y en todos los casos Pemex ha ocultado la informaci\u00f3n acerca del origen y los saldos fatales.<\/p>\n","protected":false},"excerpt":{"rendered":"<p>Ismael Garc\u00eda M.\/Zona Roja. Oaxaca de Ju\u00e1rez, Oax., a 27 de noviembre de 2024.- M\u00e1s&hellip;<\/p>\n","protected":false},"author":2,"featured_media":74911,"comment_status":"closed","ping_status":"open","sticky":false,"template":"","format":"standard","meta":{"_lmt_disableupdate":"","_lmt_disable":"","_jetpack_memberships_contains_paid_content":false,"footnotes":""},"categories":[109,47],"tags":[2341],"class_list":["post-74910","post","type-post","status-publish","format-standard","has-post-thumbnail","hentry","category-minuto-a-minuto","category-zona-gris","tag-refineria-ing-antonio-dovali-jaime-salina-cruz"],"jetpack_featured_media_url":"https:\/\/zonaroja.com.mx\/wp-content\/uploads\/2024\/11\/Incendio-refineria-Pemex-Salina-CRuz.jpeg","jetpack_sharing_enabled":true,"_links":{"self":[{"href":"https:\/\/zonaroja.com.mx\/index.php?rest_route=\/wp\/v2\/posts\/74910","targetHints":{"allow":["GET"]}}],"collection":[{"href":"https:\/\/zonaroja.com.mx\/index.php?rest_route=\/wp\/v2\/posts"}],"about":[{"href":"https:\/\/zonaroja.com.mx\/index.php?rest_route=\/wp\/v2\/types\/post"}],"author":[{"embeddable":true,"href":"https:\/\/zonaroja.com.mx\/index.php?rest_route=\/wp\/v2\/users\/2"}],"replies":[{"embeddable":true,"href":"https:\/\/zonaroja.com.mx\/index.php?rest_route=%2Fwp%2Fv2%2Fcomments&post=74910"}],"version-history":[{"count":1,"href":"https:\/\/zonaroja.com.mx\/index.php?rest_route=\/wp\/v2\/posts\/74910\/revisions"}],"predecessor-version":[{"id":74912,"href":"https:\/\/zonaroja.com.mx\/index.php?rest_route=\/wp\/v2\/posts\/74910\/revisions\/74912"}],"wp:featuredmedia":[{"embeddable":true,"href":"https:\/\/zonaroja.com.mx\/index.php?rest_route=\/wp\/v2\/media\/74911"}],"wp:attachment":[{"href":"https:\/\/zonaroja.com.mx\/index.php?rest_route=%2Fwp%2Fv2%2Fmedia&parent=74910"}],"wp:term":[{"taxonomy":"category","embeddable":true,"href":"https:\/\/zonaroja.com.mx\/index.php?rest_route=%2Fwp%2Fv2%2Fcategories&post=74910"},{"taxonomy":"post_tag","embeddable":true,"href":"https:\/\/zonaroja.com.mx\/index.php?rest_route=%2Fwp%2Fv2%2Ftags&post=74910"}],"curies":[{"name":"wp","href":"https:\/\/api.w.org\/{rel}","templated":true}]}}