{"id":74919,"date":"2024-11-27T10:24:00","date_gmt":"2024-11-27T16:24:00","guid":{"rendered":"https:\/\/zonaroja.com.mx\/?p=74919"},"modified":"2024-11-27T08:26:28","modified_gmt":"2024-11-27T14:26:28","slug":"entra-en-vigor-alto-el-fuego-entre-israel-y-hezbollah","status":"publish","type":"post","link":"https:\/\/zonaroja.com.mx\/?p=74919","title":{"rendered":"Entra en vigor alto el fuego entre Israel y Hezbollah"},"content":{"rendered":"\n<p>Redacci\u00f3n\/Zona Roja Cdmx. Foto: Archivo. <\/p>\n\n\n\n<p>Ciudad de M\u00e9xico, a 27 de noviembre de 2024.- Un alto el fuego entre Israel y Hezbollah entr\u00f3 en vigor a las 4:09 horas de este mi\u00e9rcoles en L\u00edbano (22 horas de ayer en M\u00e9xico) en medio de esperanzas de que la tregua ponga fin permanente a m\u00e1s de un a\u00f1o de combates en el sur del L\u00edbano y el norte de Israel.<\/p>\n\n\n\n<p>Menos de una hora antes de entrar en vigor el alto el fuego, Israel bombarde\u00f3 suburbios del sur de Beirut, poco despu\u00e9s de que el ej\u00e9rcito orden\u00f3 evacuar la zona. Horas antes, aviones de guerra israel\u00edes lanzaron el ataque m\u00e1s intenso desde el inicio del conflicto contra la capital libanesa y sus suburbios. Por lo menos 24 personas murieron en la ofensiva, de acuerdo con autoridades locales, mientras Israel se\u00f1alaba su intenci\u00f3n de seguir atacando a Hezbollah antes de que el alto el fuego se hiciera efectivo.<\/p>\n\n\n\n<p>La tregua, mediada por Estados Unidos, pone un alto a casi 14 meses de combates relacionados con la guerra en la franja de Gaza que ha dejado 3 mil 823 muertos y 1.2 millones de desplazados en L\u00edbao. En Israel, 78 personas perdieron la vida, 47 de ellas civiles, y 60 mil tuvieron que salir de su hogar.<\/p>\n\n\n\n<p>Parec\u00eda haber cierto desacuerdo persistente sobre si Israel tendr\u00eda el derecho de atacar a Hezbollah si cre\u00eda que los combatientes del grupo liban\u00e9s hab\u00edan violado el acuerdo, algo que el primer ministro Benjamin Netanyahu insisti\u00f3 en que era parte del trato, pero que los funcionarios libaneses y de Hezbollah han rechazado.<\/p>\n\n\n\n<p>El gabinete de seguridad de Israel aprob\u00f3 por 10 votos contra uno el acuerdo de alto el fuego el martes por la noche, despu\u00e9s de que fue presentado por Netanyahu, inform\u00f3 su oficina.<\/p>\n\n\n\n<p>El acuerdo exige una pausa inicial de dos meses en los combates y requerir\u00eda que Hezbollah termine su presencia armada en el sur de L\u00edbano, mientras las tropas israel\u00edes regresar\u00edan a su lado de la frontera. Miles de soldados libaneses y cascos azules de la Organizaci\u00f3n de Naciones Unidas (ONU) se desplegar\u00edan en el sur, y un panel internacional encabezado por Estados Unidos supervisar\u00eda el cumplimiento de las partes.<\/p>\n\n\n\n<p>La mediaci\u00f3n se basa en la resoluci\u00f3n 1701 del Consejo de Seguridad de la ONU que puso fin a la guerra entre Israel y Hezbollah en 2006, y que estipula que s\u00f3lo el ej\u00e9rcito liban\u00e9s y las fuerzas de paz pueden desplegarse en la frontera sur de L\u00edbano.<\/p>\n\n\n\n<p>El ministro de Seguridad Nacional de Israel, Itamar Ben Gvir, tach\u00f3 la tregua de \u201cerror hist\u00f3rico\u201d.<\/p>\n\n\n\n<p>El premier interino de L\u00edbano, Najib Mikati, dio la bienvenida al alto el fuego y lo describi\u00f3 como un paso crucial hacia la estabilidad y el retorno de los desplazados.<\/p>\n\n\n\n<p>La guerra entre Israel y Hezbollah estall\u00f3 tras la incursi\u00f3n sin precedentes lanzado por Hamas contra contra territorio israel\u00ed el 7 de octubre de 2023, que mat\u00f3 a mil 207 personas, en su mayor\u00eda civiles, seg\u00fan un recuento de Afp basado en datos oficiales, incluidos los rehenes muertos o en cautiverio.<\/p>\n\n\n\n<p>La ofensiva israel\u00ed lanzada en represalia en Gaza ha dejado al menos 44 mil 249 muertos, la mayor\u00eda civiles, seg\u00fan datos del Ministerio de Salud del territorio, considerados fiables por la ONU.<\/p>\n\n\n\n<p>(Informaci\u00f3n de agencias internacionales en \u201cLa Jornada\u201d)<\/p>\n","protected":false},"excerpt":{"rendered":"<p>Redacci\u00f3n\/Zona Roja Cdmx. Foto: Archivo. Ciudad de M\u00e9xico, a 27 de noviembre de 2024.- Un&hellip;<\/p>\n","protected":false},"author":2,"featured_media":66887,"comment_status":"closed","ping_status":"open","sticky":false,"template":"","format":"standard","meta":{"_lmt_disableupdate":"","_lmt_disable":"","_jetpack_memberships_contains_paid_content":false,"footnotes":""},"categories":[109,46],"tags":[2668],"class_list":["post-74919","post","type-post","status-publish","format-standard","has-post-thumbnail","hentry","category-minuto-a-minuto","category-zona-blanca","tag-conflicto-gaza-israel"],"jetpack_featured_media_url":"https:\/\/zonaroja.com.mx\/wp-content\/uploads\/2024\/04\/Marcha-Israel.jpeg","jetpack_sharing_enabled":true,"_links":{"self":[{"href":"https:\/\/zonaroja.com.mx\/index.php?rest_route=\/wp\/v2\/posts\/74919","targetHints":{"allow":["GET"]}}],"collection":[{"href":"https:\/\/zonaroja.com.mx\/index.php?rest_route=\/wp\/v2\/posts"}],"about":[{"href":"https:\/\/zonaroja.com.mx\/index.php?rest_route=\/wp\/v2\/types\/post"}],"author":[{"embeddable":true,"href":"https:\/\/zonaroja.com.mx\/index.php?rest_route=\/wp\/v2\/users\/2"}],"replies":[{"embeddable":true,"href":"https:\/\/zonaroja.com.mx\/index.php?rest_route=%2Fwp%2Fv2%2Fcomments&post=74919"}],"version-history":[{"count":1,"href":"https:\/\/zonaroja.com.mx\/index.php?rest_route=\/wp\/v2\/posts\/74919\/revisions"}],"predecessor-version":[{"id":74920,"href":"https:\/\/zonaroja.com.mx\/index.php?rest_route=\/wp\/v2\/posts\/74919\/revisions\/74920"}],"wp:featuredmedia":[{"embeddable":true,"href":"https:\/\/zonaroja.com.mx\/index.php?rest_route=\/wp\/v2\/media\/66887"}],"wp:attachment":[{"href":"https:\/\/zonaroja.com.mx\/index.php?rest_route=%2Fwp%2Fv2%2Fmedia&parent=74919"}],"wp:term":[{"taxonomy":"category","embeddable":true,"href":"https:\/\/zonaroja.com.mx\/index.php?rest_route=%2Fwp%2Fv2%2Fcategories&post=74919"},{"taxonomy":"post_tag","embeddable":true,"href":"https:\/\/zonaroja.com.mx\/index.php?rest_route=%2Fwp%2Fv2%2Ftags&post=74919"}],"curies":[{"name":"wp","href":"https:\/\/api.w.org\/{rel}","templated":true}]}}