{"id":74924,"date":"2024-11-27T13:31:00","date_gmt":"2024-11-27T19:31:00","guid":{"rendered":"https:\/\/zonaroja.com.mx\/?p=74924"},"modified":"2024-11-27T08:32:05","modified_gmt":"2024-11-27T14:32:05","slug":"azul-sicaru-orgullo-zapoteca-recibe-el-premio-estatal-de-la-juventud-por-su-labor-social","status":"publish","type":"post","link":"https:\/\/zonaroja.com.mx\/?p=74924","title":{"rendered":"Azul Sicar\u00fa, orgullo zapoteca: recibe el Premio Estatal de la Juventud por su labor social"},"content":{"rendered":"\n<p>Juchit\u00e1n de Zaragoza, Oax., 27 de noviembre de 2024.- A sus 18 a\u00f1os, Azul Sicar\u00fa Morales Cruz, una joven juchiteca, fue reconocida ayer martes con el Premio Estatal de la Juventud 2024 en la categor\u00eda de Labor Social.&nbsp;<\/p>\n\n\n\n<p>El evento tuvo lugar en el Parque \u201cPrimavera Oaxaque\u00f1a\u201d, donde el gobernador Salom\u00f3n Jara Cruz le entreg\u00f3 una medalla y un reconocimiento por su compromiso con la comunidad, junto a otros j\u00f3venes destacados que fueron galardonados en diferentes categor\u00edas como m\u00e9rito c\u00edvico, actividades acad\u00e9micas y protecci\u00f3n al ambiente.<\/p>\n\n\n\n<p>Azul comenz\u00f3 su labor recorriendo comunidades del Istmo de Tehuantepec, tocando de puerta en puerta para conocer a las bordadoras que, con hilo y aguja, sostienen a sus familias y mantienen viva la identidad de la regi\u00f3n.&nbsp;<\/p>\n\n\n\n<p>Sin embargo, su proyecto creci\u00f3 y se convirti\u00f3 en una iniciativa estatal, buscando abrazar tambi\u00e9n a las tejedoras y bordadoras de las ocho regiones de Oaxaca, demostrando que su trabajo no solo es un acto local, sino un esfuerzo por dignificar y preservar este oficio en todo el estado.<\/p>\n\n\n\n<p>Con recursos propios, emprendi\u00f3 un censo para registrar a estas mujeres, recopilando historias y necesidades. Hasta ahora, ha documentado a decenas de artesanas, muchas de las cuales trabajan en condiciones dif\u00edciles, pero con una dedicaci\u00f3n inquebrantable.<\/p>\n\n\n\n<p>Su compromiso no solo la llev\u00f3 a impulsar este censo, sino tambi\u00e9n a proponer y lograr la aprobaci\u00f3n de una iniciativa hist\u00f3rica: declarar el 21 de octubre como el \u201cD\u00eda estatal de la bordadora y tejedora\u201d en Oaxaca, reconociendo la importancia de este oficio como patrimonio cultural.<\/p>\n\n\n\n<p>\u201cEste logro no es solo m\u00edo, es de todas las mujeres que, con sus manos, bordan y tejen nuestra historia\u201d, expres\u00f3 emocionada durante el evento.<\/p>\n\n\n\n<p>Este reconocimiento simboliza el impacto que la juventud puede tener cuando combina pasi\u00f3n y acci\u00f3n. Azul Sicar\u00fa, con su medalla en mano, representa el rostro de una nueva generaci\u00f3n que lucha por el cambio, el reconocimiento y la justicia social.<\/p>\n\n\n\n<p>Azul es un ejemplo de que los sue\u00f1os, cuando se acompa\u00f1an de trabajo y coraz\u00f3n, pueden transformar comunidades enteras.&nbsp;<\/p>\n\n\n\n<p>\u00a1Enhorabuena por este merecido reconocimiento!<\/p>\n\n\n\n<p>(Informaci\u00f3n de \u201cCortamortaja\u201d)<\/p>\n","protected":false},"excerpt":{"rendered":"<p>Juchit\u00e1n de Zaragoza, Oax., 27 de noviembre de 2024.- A sus 18 a\u00f1os, Azul Sicar\u00fa&hellip;<\/p>\n","protected":false},"author":2,"featured_media":74925,"comment_status":"closed","ping_status":"open","sticky":false,"template":"","format":"standard","meta":{"_lmt_disableupdate":"","_lmt_disable":"","_jetpack_memberships_contains_paid_content":false,"footnotes":""},"categories":[109,46],"tags":[4035],"class_list":["post-74924","post","type-post","status-publish","format-standard","has-post-thumbnail","hentry","category-minuto-a-minuto","category-zona-blanca","tag-azul-sicaru-morales-cruz"],"jetpack_featured_media_url":"https:\/\/zonaroja.com.mx\/wp-content\/uploads\/2024\/11\/Azul-Sicaru-Juchitan.jpg","jetpack_sharing_enabled":true,"_links":{"self":[{"href":"https:\/\/zonaroja.com.mx\/index.php?rest_route=\/wp\/v2\/posts\/74924","targetHints":{"allow":["GET"]}}],"collection":[{"href":"https:\/\/zonaroja.com.mx\/index.php?rest_route=\/wp\/v2\/posts"}],"about":[{"href":"https:\/\/zonaroja.com.mx\/index.php?rest_route=\/wp\/v2\/types\/post"}],"author":[{"embeddable":true,"href":"https:\/\/zonaroja.com.mx\/index.php?rest_route=\/wp\/v2\/users\/2"}],"replies":[{"embeddable":true,"href":"https:\/\/zonaroja.com.mx\/index.php?rest_route=%2Fwp%2Fv2%2Fcomments&post=74924"}],"version-history":[{"count":1,"href":"https:\/\/zonaroja.com.mx\/index.php?rest_route=\/wp\/v2\/posts\/74924\/revisions"}],"predecessor-version":[{"id":74926,"href":"https:\/\/zonaroja.com.mx\/index.php?rest_route=\/wp\/v2\/posts\/74924\/revisions\/74926"}],"wp:featuredmedia":[{"embeddable":true,"href":"https:\/\/zonaroja.com.mx\/index.php?rest_route=\/wp\/v2\/media\/74925"}],"wp:attachment":[{"href":"https:\/\/zonaroja.com.mx\/index.php?rest_route=%2Fwp%2Fv2%2Fmedia&parent=74924"}],"wp:term":[{"taxonomy":"category","embeddable":true,"href":"https:\/\/zonaroja.com.mx\/index.php?rest_route=%2Fwp%2Fv2%2Fcategories&post=74924"},{"taxonomy":"post_tag","embeddable":true,"href":"https:\/\/zonaroja.com.mx\/index.php?rest_route=%2Fwp%2Fv2%2Ftags&post=74924"}],"curies":[{"name":"wp","href":"https:\/\/api.w.org\/{rel}","templated":true}]}}