{"id":74930,"date":"2024-11-27T18:09:22","date_gmt":"2024-11-28T00:09:22","guid":{"rendered":"https:\/\/zonaroja.com.mx\/?p=74930"},"modified":"2024-11-27T18:09:24","modified_gmt":"2024-11-28T00:09:24","slug":"ilegal-fallo-de-tribunal-agrario-sobre-caso-chimalapas-aseguran","status":"publish","type":"post","link":"https:\/\/zonaroja.com.mx\/?p=74930","title":{"rendered":"Ilegal, fallo de Tribunal Agrario sobre caso Chimalapas, aseguran"},"content":{"rendered":"\n<p>Ismael Garc\u00eda M.\/Zona Roja.<\/p>\n\n\n\n<p>Oaxaca de Ju\u00e1rez, Oax., a 27 de noviembre de 2024.- Como ilegal y no definitiva calific\u00f3 el Comit\u00e9 Nacional para la Defensa y Conservaci\u00f3n de los Chimalapas la reciente resoluci\u00f3n de Tribunal Unitario Agrario (TUA) respecto a comunidades chiapanecas asentadas en territorio oaxaque\u00f1o.<\/p>\n\n\n\n<p>La determinaci\u00f3n se tom\u00f3 el pasado viernes en la sede del \u00f3rgano agrario con sede en San Juan Bautista Tuxtepec, que reconoce que las comunidades de Rafael Cal y Mayor y Cana\u00e1n, son leg\u00edtimas pues cuentan con documentos respectivos.<\/p>\n\n\n\n<p>Con ello declar\u00f3 improcedentes los juicios 3035\/2017 y 321\/2018, promovidos por las autoridades comunales de Santa Mar\u00eda desde hace siete y seis a\u00f1os,<\/p>\n\n\n\n<p>demostrando los Chimas, que ambos n\u00facleos chiapanecos estaban ubicados totalmente dentro del territorio comunal.<\/p>\n\n\n\n<p>Adem\u00e1s, que sus Resoluciones Presidenciales de Dotaci\u00f3n eran muy posteriores a las Resoluciones Presidenciales de Reconocimiento y Titulaci\u00f3n de Bienes Comunales de Santa Mar\u00eda y San Miguel Chimalapa, que datan del 21 marzo de 1967, contando ambas Comunidades Chimas con su Carpeta B\u00e1sica Agraria completa, incluyendo planos definitivos firmados y sellados en fecha 31 de agosto de 1993.<\/p>\n\n\n\n<p>\u201cIlegal e irresponsablemente, el TUA de Tuxtepec, declar\u00f3 que no puede declararlos nulos o inexistentes porque dichos \u201cejidos\u201d cuentan con su propia resoluci\u00f3n presidencial (ello, sin considerar que dichas resoluciones como dotaci\u00f3n de ejidos, son de fechas, 26 de abril de 1971 (Cal y Mayor, con una superficie de 7,400 ha) y 13 de abril de 1987 (Cana\u00e1n, con una superficie de 2,651 ha), obviando con ello la m\u00e1xima jur\u00eddica \u2018Primero en tiempo, primero en derecho\u2019, e ignorando tambi\u00e9n lo se\u00f1alado en el art\u00edculo 53 de la Ley Federal de Reforma Agraria\u201d, expuso.<\/p>\n\n\n\n<p>Abund\u00f3 que aunado a ello, el Tribunal dijo que\u201cFue un error de las anteriores autoridades de la Secretar\u00eda de la Reforma Agraria (SRA) avalar la resoluci\u00f3n dentro de otra\u2026\u201d.<\/p>\n\n\n\n<p>Ante ello, informo que la sentencia no es en absoluto definitiva, pues se puede y se debe apelar ante el Tribunal Superior Agrario en la Ciudad de M\u00e9xico.<\/p>\n\n\n\n<p>\u201cPero para ello, consideramos imprescindible que los Chimas cuenten con una asesor\u00eda jur\u00eddica, capaz en materia de derechos agrarios y derechos ind\u00edgenas, y que sea totalmente honesta, lejos de lo cual se encuentra el actual asesor jur\u00eddico de Santa Mar\u00eda Chimalapa, V\u00edctor Manuel Alejo, cuya actuaci\u00f3n como Consejero Jur\u00eddico del gobierno de Gabino Cu\u00e9, en el caso del juicio de Controversia Constitucional contra la invasi\u00f3n de m\u00e1s de 70 a\u00f1os de<\/p>\n\n\n\n<p>parte de los gobiernos de Chiapas, estuvo lejos de serlo\u201d.<\/p>\n\n\n\n<p>El Comit\u00e9 Nacional precis\u00f3 que esta resoluci\u00f3n del TUA no se debe confundir con la inapelable Sentencia de la Suprema Corte de Justicia de la Naci\u00f3n (SCJN) emitida finalmente el 16 de noviembre 2021, que reconoci\u00f3 que las 162 mil hect\u00e1reas de la zona oriente de Chimalapas, estaban ciertamente ubicadas en el estado de Oaxaca, y por tanto, dentro de los municipios ind\u00edgenas de Santa Mar\u00eda y San Miguel Chimalapa.<\/p>\n\n\n\n<p>\u201cFinalmente queremos resaltar el grave hecho que esta Resoluci\u00f3n Agraria del TUA Tuxtepec, consiste en una abierta provocaci\u00f3n a la paz social de la regi\u00f3n, considerando la tenaz, hist\u00f3rica y persistente lucha de los Chimalapas por defender sus ancestral territorio -el m\u00e1s biodiverso y mayor productor de servicios ecosist\u00e9micos de M\u00e9xico y Mesoam\u00e9rica- precisamente en una zona donde, luego de la emisi\u00f3n de la sentencia SCJN, \u2018apareci\u00f3\u2019 un grupo fuertemente armado, de corte paramilitar, amenazando a los Chimas y<\/p>\n\n\n\n<p>cerca de donde, unos pocos a\u00f1os antes (2017-2019) hab\u00eda accionado otro grupo de este mismo corte, autodenominado \u2018Ej\u00e9rcito Chamula\u2019, ambos grupos respaldados abiertamente por la oligarqu\u00eda chiapaneca, con la complacencia del gobierno federal y la omisi\u00f3n del gobierno de Oaxaca\u201d.<\/p>\n","protected":false},"excerpt":{"rendered":"<p>Ismael Garc\u00eda M.\/Zona Roja. Oaxaca de Ju\u00e1rez, Oax., a 27 de noviembre de 2024.- Como&hellip;<\/p>\n","protected":false},"author":2,"featured_media":74931,"comment_status":"closed","ping_status":"open","sticky":false,"template":"","format":"standard","meta":{"_lmt_disableupdate":"","_lmt_disable":"","_jetpack_memberships_contains_paid_content":false,"footnotes":""},"categories":[109,46],"tags":[2949],"class_list":["post-74930","post","type-post","status-publish","format-standard","has-post-thumbnail","hentry","category-minuto-a-minuto","category-zona-blanca","tag-controversia-constitucional-chimalapas"],"jetpack_featured_media_url":"https:\/\/zonaroja.com.mx\/wp-content\/uploads\/2024\/11\/Mapa-Chimalapas.jpg","jetpack_sharing_enabled":true,"_links":{"self":[{"href":"https:\/\/zonaroja.com.mx\/index.php?rest_route=\/wp\/v2\/posts\/74930","targetHints":{"allow":["GET"]}}],"collection":[{"href":"https:\/\/zonaroja.com.mx\/index.php?rest_route=\/wp\/v2\/posts"}],"about":[{"href":"https:\/\/zonaroja.com.mx\/index.php?rest_route=\/wp\/v2\/types\/post"}],"author":[{"embeddable":true,"href":"https:\/\/zonaroja.com.mx\/index.php?rest_route=\/wp\/v2\/users\/2"}],"replies":[{"embeddable":true,"href":"https:\/\/zonaroja.com.mx\/index.php?rest_route=%2Fwp%2Fv2%2Fcomments&post=74930"}],"version-history":[{"count":1,"href":"https:\/\/zonaroja.com.mx\/index.php?rest_route=\/wp\/v2\/posts\/74930\/revisions"}],"predecessor-version":[{"id":74932,"href":"https:\/\/zonaroja.com.mx\/index.php?rest_route=\/wp\/v2\/posts\/74930\/revisions\/74932"}],"wp:featuredmedia":[{"embeddable":true,"href":"https:\/\/zonaroja.com.mx\/index.php?rest_route=\/wp\/v2\/media\/74931"}],"wp:attachment":[{"href":"https:\/\/zonaroja.com.mx\/index.php?rest_route=%2Fwp%2Fv2%2Fmedia&parent=74930"}],"wp:term":[{"taxonomy":"category","embeddable":true,"href":"https:\/\/zonaroja.com.mx\/index.php?rest_route=%2Fwp%2Fv2%2Fcategories&post=74930"},{"taxonomy":"post_tag","embeddable":true,"href":"https:\/\/zonaroja.com.mx\/index.php?rest_route=%2Fwp%2Fv2%2Ftags&post=74930"}],"curies":[{"name":"wp","href":"https:\/\/api.w.org\/{rel}","templated":true}]}}