{"id":74933,"date":"2024-11-27T19:18:34","date_gmt":"2024-11-28T01:18:34","guid":{"rendered":"https:\/\/zonaroja.com.mx\/?p=74933"},"modified":"2024-11-27T19:18:36","modified_gmt":"2024-11-28T01:18:36","slug":"niega-camotlan-que-intente-linchar-a-detenidos-cometieron-delitos-asegura","status":"publish","type":"post","link":"https:\/\/zonaroja.com.mx\/?p=74933","title":{"rendered":"Niega Camotl\u00e1n que intente linchar a detenidos; cometieron delitos, asegura"},"content":{"rendered":"\n<p>Raymundo Morales\/Zona roja.<\/p>\n\n\n\n<p>Oaxaca de Ju\u00e1rez, Oax., a 27 de noviembre de 2024.- Autoridades municipales de San Lucas Camotl\u00e1n, Oaxaca, rechazaron que se est\u00e9n violando los derechos humanos de tres personas detenidas en esa comunidad mixe y que se les intente linchar.<\/p>\n\n\n\n<p>Ello en referencia a la queja ayer de una familia, apoyada por una organizaci\u00f3n social, durante una conferencia de prensa afuera de la sede de la Defensor\u00eda de los Derechos Humanos del Pueblo de Oaxaca (DDHPO), en que denunciaron la detenci\u00f3n, presuntamente ilegal, de tres personas que compran y venden chatarra.<\/p>\n\n\n\n<p>En un comunicado, Camotl\u00e1n informo que fue el pasado 22 de noviembre en que se suscitaron los hechos, cuando un&nbsp;ciudadano&nbsp;de la&nbsp;comunidad,&nbsp;solicit\u00f3&nbsp;la intervenci\u00f3n de&nbsp;la autoridad&nbsp;por hechos violentos que&nbsp;se hab\u00eda presentado,&nbsp;en&nbsp;donde&nbsp;resultaron heridas por armas blancas dos personas.<\/p>\n\n\n\n<p>Las lesiones fueron certificadas por m\u00e9dicos de la comunidad y&nbsp;fue&nbsp;trasladado uno de ellos al Hospital Regional de Tamazul\u00e1pam del Esp\u00edritu Santo Mixe para su atenci\u00f3n inmediata, por lo cual fueron detenidos dichos visitantes.<\/p>\n\n\n\n<p>\u201cNo estamos violando derechos humanos, ni estamos frente a la comisi\u00f3n de un delito, simplemente, estamos ejercicio un derecho constitucional de la libre determinaci\u00f3n y autonom\u00eda.&nbsp;<\/p>\n\n\n\n<p>\u201cLas personas detenidas, en todo momento se les esta garantizando los derechos humanos y el debido proceso&nbsp;en la impartici\u00f3n de justicia a trav\u00e9s de nuestros sistemas normativos.<\/p>\n\n\n\n<p>\u201cAsimismo, se le est\u00e1 brindando alimentaci\u00f3n&nbsp;y las atenciones que requieren. Por lo que una vez, que lleguen a los acuerdos reparatorios con las personas quienes fueron lastimado, se le dar\u00e1 su inmediata libertad\u201d, precis\u00f3.<\/p>\n\n\n\n<p>Demand\u00f3 a la Fiscal\u00eda General del Estado y a la Defensor\u00eda de Derechos Humanos no criminalizar la justicia ind\u00edgena y respetar la libre determinaci\u00f3n de los pueblos para aplicar sus normas.<\/p>\n\n\n\n<p>\u201cEl di\u00e1logo con las instituciones p\u00fablicas debe ser en un plano de igualdad y no de subordinaci\u00f3n, en el ejercicio de nuestros derechos y prueba de ello, hemos colaborado para brindar informaci\u00f3n con la Agencia del Ministerio P\u00fablico de Zacatepec,&nbsp;en atenci\u00f3n al oficio del n\u00famero 152\/2024&nbsp;de fecha 23 de noviembre del presente a\u00f1o\u201d, precis\u00f3.&nbsp;<\/p>\n","protected":false},"excerpt":{"rendered":"<p>Raymundo Morales\/Zona roja. Oaxaca de Ju\u00e1rez, Oax., a 27 de noviembre de 2024.- Autoridades municipales&hellip;<\/p>\n","protected":false},"author":2,"featured_media":74934,"comment_status":"closed","ping_status":"open","sticky":false,"template":"","format":"standard","meta":{"_lmt_disableupdate":"","_lmt_disable":"","_jetpack_memberships_contains_paid_content":false,"footnotes":""},"categories":[109,47],"tags":[4116],"class_list":["post-74933","post","type-post","status-publish","format-standard","has-post-thumbnail","hentry","category-minuto-a-minuto","category-zona-gris","tag-san-lucas-camotlan"],"jetpack_featured_media_url":"https:\/\/zonaroja.com.mx\/wp-content\/uploads\/2024\/11\/Familia-detenidos-San-Lucas-Camotlan.jpg","jetpack_sharing_enabled":true,"_links":{"self":[{"href":"https:\/\/zonaroja.com.mx\/index.php?rest_route=\/wp\/v2\/posts\/74933","targetHints":{"allow":["GET"]}}],"collection":[{"href":"https:\/\/zonaroja.com.mx\/index.php?rest_route=\/wp\/v2\/posts"}],"about":[{"href":"https:\/\/zonaroja.com.mx\/index.php?rest_route=\/wp\/v2\/types\/post"}],"author":[{"embeddable":true,"href":"https:\/\/zonaroja.com.mx\/index.php?rest_route=\/wp\/v2\/users\/2"}],"replies":[{"embeddable":true,"href":"https:\/\/zonaroja.com.mx\/index.php?rest_route=%2Fwp%2Fv2%2Fcomments&post=74933"}],"version-history":[{"count":1,"href":"https:\/\/zonaroja.com.mx\/index.php?rest_route=\/wp\/v2\/posts\/74933\/revisions"}],"predecessor-version":[{"id":74935,"href":"https:\/\/zonaroja.com.mx\/index.php?rest_route=\/wp\/v2\/posts\/74933\/revisions\/74935"}],"wp:featuredmedia":[{"embeddable":true,"href":"https:\/\/zonaroja.com.mx\/index.php?rest_route=\/wp\/v2\/media\/74934"}],"wp:attachment":[{"href":"https:\/\/zonaroja.com.mx\/index.php?rest_route=%2Fwp%2Fv2%2Fmedia&parent=74933"}],"wp:term":[{"taxonomy":"category","embeddable":true,"href":"https:\/\/zonaroja.com.mx\/index.php?rest_route=%2Fwp%2Fv2%2Fcategories&post=74933"},{"taxonomy":"post_tag","embeddable":true,"href":"https:\/\/zonaroja.com.mx\/index.php?rest_route=%2Fwp%2Fv2%2Ftags&post=74933"}],"curies":[{"name":"wp","href":"https:\/\/api.w.org\/{rel}","templated":true}]}}